{"id":17077,"date":"2022-09-07T07:52:32","date_gmt":"2022-09-07T10:52:32","guid":{"rendered":"https:\/\/chacosintesis.com.ar\/?p=17077"},"modified":"2022-09-07T08:05:34","modified_gmt":"2022-09-07T11:05:34","slug":"pronostican-mayor-temperatura-y-menos-lluvias-durante-el-proximo-verano-en-la-region","status":"publish","type":"post","link":"https:\/\/chacosintesis.com.ar\/index.php\/pronostican-mayor-temperatura-y-menos-lluvias-durante-el-proximo-verano-en-la-region\/","title":{"rendered":"Pronostican mayor temperatura y menos lluvias durante el pr\u00f3ximo verano en la regi\u00f3n"},"content":{"rendered":"<p>El bi\u00f3logo e investigador del Centro de Ecolog\u00eda Aplicada del Litoral (CECOAL), Juan Jos\u00e9 Neiff, dialog\u00f3 con Radio UNNE FM 99.7 sobre las olas de calor cada vez m\u00e1s frecuentes en el mundo y explic\u00f3 c\u00f3mo ser\u00edan las condiciones para el pr\u00f3ximo verano en el hemisferio sur.<\/p>\n<p>\u201cLo primero que uno mira es que no es un fen\u00f3meno local, sino que se da en todo el planeta. Si uno toma una escala corta de tiempo esto se debe a la acumulaci\u00f3n de gases de efecto invernadero que se producen en la atm\u00f3sfera y producen mayor temperatura. Sin embargo, esta postura sostenida por unos 2500 cient\u00edficos, es en base a estudios lineales con muchos modelos que no tienen demostraci\u00f3n fehaciente\u201d, explic\u00f3.<br \/>\nA su vez, analiz\u00f3 la situaci\u00f3n respecto a disciplinas como la astronom\u00eda. \u201cEstamos caminando seg\u00fan teor\u00edas hacia un m\u00ednimo solar para 2030, pero que no podemos predecir con exactitud. Siempre hubo cambio clim\u00e1tico, pero decir que eso est\u00e9 asociado a la emisi\u00f3n de di\u00f3xido de carbono, metano y otros gases, hay muchos trabajos que establecen que el efecto antropog\u00e9nico es menor respecto de los cambios que estamos viviendo\u201d.<br \/>\nConsultado sobre el concepto de \u201ccambio clim\u00e1tico\u201d, Neiff, explic\u00f3 que se trata del fen\u00f3meno puede producir efectos notables en el paisaje. \u201cEl paisaje que hoy vemos en el Iber\u00e1 es de hace 3000 a\u00f1os y pr\u00e1cticamente tenemos los mismos embalses. Por otro lado, hay pron\u00f3sticos que indican que para el 2100 podr\u00eda haber 3 grados cent\u00edgrados m\u00e1s en Corrientes. Eso nos dice que, si en otros 3 mil a\u00f1os hemos tenido ese paisaje pr\u00e1cticamente igual, podemos decir que 3 grados m\u00e1s no son nada\u201d, detall\u00f3.<br \/>\n En este sentido, Neiff, detall\u00f3 que \u201clos dos grandes valores que percibimos de acuerdo al clima son las temperaturas y las lluvias. Estos dos par\u00e1metros est\u00e1n relacionados con la actividad solar. Mayor radiaci\u00f3n es mayor temperatura y mayor evaporaci\u00f3n. Muchas veces pensamos que las lluvias se originan localmente, pero muy pocas se generan de esa manera, sino que se vienen del mar\u201d.<br \/>\nA su vez, agreg\u00f3 que \u201cen el Pac\u00edfico Ecuatorial estamos atravesando el fen\u00f3meno de La Ni\u00f1a desde 2019 con una temperatura de un grado por debajo de lo normal. Eso produce menor evaporaci\u00f3n y por ende menos lluvias en la Cuenca del Plata, donde nacen los r\u00edos Paran\u00e1, Uruguay y Paraguay, es por eso que hay niveles de aguas bajas. Estamos atravesando un nivel de menor radiaci\u00f3n, llamado m\u00ednimo solar. Un fen\u00f3meno c\u00edclico que se dan cada 11 a\u00f1os\u201d.<\/p>\n","protected":false},"excerpt":{"rendered":"<p>El bi\u00f3logo e investigador del Centro de Ecolog\u00eda Aplicada del Litoral (CECOAL), Juan Jos\u00e9 Neiff, dialog\u00f3 con Radio UNNE FM 99.7 sobre las olas de calor cada vez m\u00e1s frecuentes en el mundo y explic\u00f3 c\u00f3mo ser\u00edan las condiciones para el pr\u00f3ximo verano en el hemisferio sur. \u201cLo primero que uno mira es que no [&hellip;]<\/p>\n","protected":false},"author":1,"featured_media":17078,"comment_status":"closed","ping_status":"closed","sticky":false,"template":"","format":"standard","meta":{"footnotes":""},"categories":[6],"tags":[],"class_list":{"0":"post-17077","1":"post","2":"type-post","3":"status-publish","4":"format-standard","5":"has-post-thumbnail","7":"category-chaco"},"_links":{"self":[{"href":"https:\/\/chacosintesis.com.ar\/index.php\/wp-json\/wp\/v2\/posts\/17077","targetHints":{"allow":["GET"]}}],"collection":[{"href":"https:\/\/chacosintesis.com.ar\/index.php\/wp-json\/wp\/v2\/posts"}],"about":[{"href":"https:\/\/chacosintesis.com.ar\/index.php\/wp-json\/wp\/v2\/types\/post"}],"author":[{"embeddable":true,"href":"https:\/\/chacosintesis.com.ar\/index.php\/wp-json\/wp\/v2\/users\/1"}],"replies":[{"embeddable":true,"href":"https:\/\/chacosintesis.com.ar\/index.php\/wp-json\/wp\/v2\/comments?post=17077"}],"version-history":[{"count":0,"href":"https:\/\/chacosintesis.com.ar\/index.php\/wp-json\/wp\/v2\/posts\/17077\/revisions"}],"wp:featuredmedia":[{"embeddable":true,"href":"https:\/\/chacosintesis.com.ar\/index.php\/wp-json\/wp\/v2\/media\/17078"}],"wp:attachment":[{"href":"https:\/\/chacosintesis.com.ar\/index.php\/wp-json\/wp\/v2\/media?parent=17077"}],"wp:term":[{"taxonomy":"category","embeddable":true,"href":"https:\/\/chacosintesis.com.ar\/index.php\/wp-json\/wp\/v2\/categories?post=17077"},{"taxonomy":"post_tag","embeddable":true,"href":"https:\/\/chacosintesis.com.ar\/index.php\/wp-json\/wp\/v2\/tags?post=17077"}],"curies":[{"name":"wp","href":"https:\/\/api.w.org\/{rel}","templated":true}]}}