{"id":17073,"date":"2022-09-06T18:56:36","date_gmt":"2022-09-06T21:56:36","guid":{"rendered":"https:\/\/chacosintesis.com.ar\/?p=17073"},"modified":"2022-09-06T19:06:48","modified_gmt":"2022-09-06T22:06:48","slug":"vuelve-el-poder-legislativo-juvenil-una-propuesta-de-participacion-para-las-y-los-jovenes","status":"publish","type":"post","link":"https:\/\/chacosintesis.com.ar\/index.php\/vuelve-el-poder-legislativo-juvenil-una-propuesta-de-participacion-para-las-y-los-jovenes\/","title":{"rendered":"Vuelve el Poder Legislativo Juvenil, una propuesta de participaci\u00f3n para las y los j\u00f3venes"},"content":{"rendered":"<p>Con el objetivo de acercar la Casa de la Democracia a la comunidad y fomentar la participaci\u00f3n de las y los j\u00f3venes chaque\u00f1os, se relanz\u00f3 este martes, en conferencia de prensa, el Poder Legislativo Juvenil.<br \/>\n El programa, creado por la Ley N\u00ba 2982-A e impulsado por la presidenta Elida Cuesta, ser\u00e1 coordinado por los legisladores Rodrigo Ocampo y Andrea Canteros Reiser, buscando generar el inter\u00e9s de los estudiantes secundarios de todo el territorio provincial por la actividad pol\u00edtica y democr\u00e1tica, como as\u00ed tambi\u00e9n el funcionamiento de la Legislatura chaque\u00f1a.<br \/>\n Las y los 32 legisladores j\u00f3venes que participan provienen de escuelas de nivel secundario de toda la provincia del programa Parlamentarios del Mercosur del Ministerio de Educaci\u00f3n, quienes tendr\u00e1n su primera sesi\u00f3n el viernes 16 de septiembre en el recinto de sesiones Deolindo Felipe Bittel.<br \/>\n Ocampo destac\u00f3 que la edici\u00f3n 2022 tendr\u00e1 la participaci\u00f3n de j\u00f3venes parlamentarios del Mercosur que tendr\u00e1n su jura el mismo viernes 16 y se dividir\u00e1n en distintas comisiones para presentar iniciativas que ser\u00e1n tratadas por el cuerpo de legisladores. \u201cLo que buscamos es que las y los pibes de nuestra provincia se expresen, nos den su punto de vista de lo que ven de nuestro Chaco e intercambiar ideas y propuestas para enriquecer nuestro trabajo legislativo\u201d, manifest\u00f3.<\/p>\n<p>Asimismo, remarc\u00f3 que espera que esta herramienta fortalezca la democracia y las instituciones de nuestro sistema republicano. \u201cEstamos profundamente agradecidos con la presidenta y con todos los legisladores por confiar en nosotros para llevar adelante este programa; vamos a hacer nuestro mejor esfuerzo para que esta herramienta sirva para el fortalecimiento de la participaci\u00f3n democr\u00e1tica, inculcando valores como el respeto, la tolerancia y la participaci\u00f3n activa\u201d, asever\u00f3 el legislador.<br \/>\n Canteros Reiser: \u201cComprometer a las y los j\u00f3venes con la participaci\u00f3n ciudadana\u201d<br \/>\n La legisladora Andrea Canteros Reiser agradeci\u00f3 a la presidenta de la C\u00e1mara por el compromiso de concretar una nueva edici\u00f3n del Poder Legislativo Juvenil. \u201cLa confianza puesta en el diputado Ocampo y en m\u00ed para llevar adelante esta iniciativa nos llena de orgullo y nos compromete a fomentar el ejercicio legislativo a las y los j\u00f3venes en la participaci\u00f3n ciudadana y en la formaci\u00f3n c\u00edvica. Tambi\u00e9n es un compromiso con el sistema democr\u00e1tico\u201d, remarc\u00f3.<\/p>\n<p>Adem\u00e1s, asegur\u00f3 que el programa Poder Legislativo Juvenil trabajar\u00e1 conjuntamente con el Ministerio de Educaci\u00f3n buscando enriquecer a las y los j\u00f3venes en su educaci\u00f3n c\u00edvica y democr\u00e1tica.<\/p>\n","protected":false},"excerpt":{"rendered":"<p>Con el objetivo de acercar la Casa de la Democracia a la comunidad y fomentar la participaci\u00f3n de las y los j\u00f3venes chaque\u00f1os, se relanz\u00f3 este martes, en conferencia de prensa, el Poder Legislativo Juvenil. El programa, creado por la Ley N\u00ba 2982-A e impulsado por la presidenta Elida Cuesta, ser\u00e1 coordinado por los legisladores [&hellip;]<\/p>\n","protected":false},"author":1,"featured_media":17074,"comment_status":"closed","ping_status":"closed","sticky":false,"template":"","format":"standard","meta":{"footnotes":""},"categories":[6],"tags":[],"class_list":{"0":"post-17073","1":"post","2":"type-post","3":"status-publish","4":"format-standard","5":"has-post-thumbnail","7":"category-chaco"},"_links":{"self":[{"href":"https:\/\/chacosintesis.com.ar\/index.php\/wp-json\/wp\/v2\/posts\/17073","targetHints":{"allow":["GET"]}}],"collection":[{"href":"https:\/\/chacosintesis.com.ar\/index.php\/wp-json\/wp\/v2\/posts"}],"about":[{"href":"https:\/\/chacosintesis.com.ar\/index.php\/wp-json\/wp\/v2\/types\/post"}],"author":[{"embeddable":true,"href":"https:\/\/chacosintesis.com.ar\/index.php\/wp-json\/wp\/v2\/users\/1"}],"replies":[{"embeddable":true,"href":"https:\/\/chacosintesis.com.ar\/index.php\/wp-json\/wp\/v2\/comments?post=17073"}],"version-history":[{"count":0,"href":"https:\/\/chacosintesis.com.ar\/index.php\/wp-json\/wp\/v2\/posts\/17073\/revisions"}],"wp:featuredmedia":[{"embeddable":true,"href":"https:\/\/chacosintesis.com.ar\/index.php\/wp-json\/wp\/v2\/media\/17074"}],"wp:attachment":[{"href":"https:\/\/chacosintesis.com.ar\/index.php\/wp-json\/wp\/v2\/media?parent=17073"}],"wp:term":[{"taxonomy":"category","embeddable":true,"href":"https:\/\/chacosintesis.com.ar\/index.php\/wp-json\/wp\/v2\/categories?post=17073"},{"taxonomy":"post_tag","embeddable":true,"href":"https:\/\/chacosintesis.com.ar\/index.php\/wp-json\/wp\/v2\/tags?post=17073"}],"curies":[{"name":"wp","href":"https:\/\/api.w.org\/{rel}","templated":true}]}}