{"id":17067,"date":"2022-09-06T09:58:08","date_gmt":"2022-09-06T12:58:08","guid":{"rendered":"https:\/\/chacosintesis.com.ar\/?p=17067"},"modified":"2022-09-06T10:01:12","modified_gmt":"2022-09-06T13:01:12","slug":"el-gobernador-de-chaco-se-reunio-con-la-vicepresidenta-cristina-fernandez","status":"publish","type":"post","link":"https:\/\/chacosintesis.com.ar\/index.php\/el-gobernador-de-chaco-se-reunio-con-la-vicepresidenta-cristina-fernandez\/","title":{"rendered":"El gobernador de Chaco se reuni\u00f3 con la vicepresidenta Cristina Fern\u00e1ndez"},"content":{"rendered":"<p>Alrededor de las 20.30, los gobernadores Jorge Capitanich, de Chaco, y Axel Kicillof, de Buenos Aires, se retiraron del Palacio Legislativo.<br \/>\n La vicepresidenta Cristina Fern\u00e1ndez de Kirchner recibi\u00f3 este lunes en su despacho del Senado a algunos gobernadores del peronismo que se acercaron para darle su respaldo luego del atentado del que fue v\u00edctima el jueves pasado mientras saludaba a militantes en la vereda de su departamento en el barrio porte\u00f1o de Recoleta.<br \/>\nLos mandatarios que integran la denominada Liga de Gobernadores, horas antes, hab\u00edan mantenido una reuni\u00f3n en la sede del Consejo Federal de Inversiones (CFI), en el microcentro porte\u00f1o.<br \/>\nAlrededor de las 20.30, los gobernadores Jorge Capitanich, de Chaco, y Axel Kicillof, de Buenos Aires, se retiraron del Palacio Legislativo.<br \/>\nPreviamente, los mandatarios se reunieron en el CFI donde, a trav\u00e9s de un comunicado de prensa, exaltaron la &#8220;necesidad de contribuir hermanados a un clima de pacificaci\u00f3n nacional&#8221;.<br \/>\nAdem\u00e1s, propusieron al presidente Alberto Fern\u00e1ndez &#8220;la convocatoria de una Comisi\u00f3n por la Paz y la No Violencia integrada por las distintas expresiones religiosas junto a personalidades notables de diferentes procedencias del pa\u00eds, a los efectos de elevar una serie de recomendaciones que deben ser las reglas sustanciales para la construcci\u00f3n de una cultura del encuentro en el pa\u00eds&#8221;.<br \/>\nFinalmente, insistieron tambi\u00e9n en la &#8220;necesidad de avanzar en la reforma de la Corte Suprema de Justicia de la Naci\u00f3n promoviendo una integraci\u00f3n federal con paridad de g\u00e9nero y al mismo tiempo&#8221;.<br \/>\nCon la actividad de este lunes, Fern\u00e1ndez de Kirchner regres\u00f3 a la C\u00e1mara alta tras el ataque que sufri\u00f3 el jueves por la noche a metros del ingreso a su domicilio, en el barrio de Recoleta.<\/p>\n","protected":false},"excerpt":{"rendered":"<p>Alrededor de las 20.30, los gobernadores Jorge Capitanich, de Chaco, y Axel Kicillof, de Buenos Aires, se retiraron del Palacio Legislativo. La vicepresidenta Cristina Fern\u00e1ndez de Kirchner recibi\u00f3 este lunes en su despacho del Senado a algunos gobernadores del peronismo que se acercaron para darle su respaldo luego del atentado del que fue v\u00edctima el [&hellip;]<\/p>\n","protected":false},"author":1,"featured_media":17068,"comment_status":"closed","ping_status":"closed","sticky":false,"template":"","format":"standard","meta":{"footnotes":""},"categories":[6],"tags":[],"class_list":{"0":"post-17067","1":"post","2":"type-post","3":"status-publish","4":"format-standard","5":"has-post-thumbnail","7":"category-chaco"},"_links":{"self":[{"href":"https:\/\/chacosintesis.com.ar\/index.php\/wp-json\/wp\/v2\/posts\/17067","targetHints":{"allow":["GET"]}}],"collection":[{"href":"https:\/\/chacosintesis.com.ar\/index.php\/wp-json\/wp\/v2\/posts"}],"about":[{"href":"https:\/\/chacosintesis.com.ar\/index.php\/wp-json\/wp\/v2\/types\/post"}],"author":[{"embeddable":true,"href":"https:\/\/chacosintesis.com.ar\/index.php\/wp-json\/wp\/v2\/users\/1"}],"replies":[{"embeddable":true,"href":"https:\/\/chacosintesis.com.ar\/index.php\/wp-json\/wp\/v2\/comments?post=17067"}],"version-history":[{"count":0,"href":"https:\/\/chacosintesis.com.ar\/index.php\/wp-json\/wp\/v2\/posts\/17067\/revisions"}],"wp:featuredmedia":[{"embeddable":true,"href":"https:\/\/chacosintesis.com.ar\/index.php\/wp-json\/wp\/v2\/media\/17068"}],"wp:attachment":[{"href":"https:\/\/chacosintesis.com.ar\/index.php\/wp-json\/wp\/v2\/media?parent=17067"}],"wp:term":[{"taxonomy":"category","embeddable":true,"href":"https:\/\/chacosintesis.com.ar\/index.php\/wp-json\/wp\/v2\/categories?post=17067"},{"taxonomy":"post_tag","embeddable":true,"href":"https:\/\/chacosintesis.com.ar\/index.php\/wp-json\/wp\/v2\/tags?post=17067"}],"curies":[{"name":"wp","href":"https:\/\/api.w.org\/{rel}","templated":true}]}}