{"id":17063,"date":"2022-09-06T09:54:26","date_gmt":"2022-09-06T12:54:26","guid":{"rendered":"https:\/\/chacosintesis.com.ar\/?p=17063"},"modified":"2022-09-06T10:01:11","modified_gmt":"2022-09-06T13:01:11","slug":"chaco-deja-de-ser-obligatorio-el-uso-de-barbijo-en-espacios-cerrados","status":"publish","type":"post","link":"https:\/\/chacosintesis.com.ar\/index.php\/chaco-deja-de-ser-obligatorio-el-uso-de-barbijo-en-espacios-cerrados\/","title":{"rendered":"Chaco: deja de ser obligatorio el uso de barbijo en espacios cerrados"},"content":{"rendered":"<p>La ministra de Salud P\u00fablica de la provincia anunci\u00f3 el nuevo protocolo sanitario contra el coronavirus. Los equipos de salud p\u00fablica y privada deber\u00e1n seguir utilizando el tapabocas.<\/p>\n<p>La ministra de Salud P\u00fablica del Chaco, Carolina Centeno, brind\u00f3 una conferencia de prensa donde anunci\u00f3 las nuevas medidas epidemiol\u00f3gicas. La m\u00e9dica inform\u00f3 la evaluaci\u00f3n que realiz\u00f3 la cartera sanitaria para determinar las modificaciones en el protocolo epidemiol\u00f3gico en relaci\u00f3n a la pandemia por covid-19.<br \/>\nCenteno coment\u00f3 que \u201cestamos terminando de atravesar la cuarta ola, con un descenso de casos importante en esta \u00faltima semana.\u201d En esta \u00faltima semana se reportaron 194 casos positivos y cuatro personas fallecidas.<br \/>\nEn este sentido, la ministra dijo que \u201cla cantidad de hisopados hizo un pico a principios de agosto y los positivos fueron en descenso\u201d.<br \/>\nCenteno indic\u00f3 que las medidas de cuidado se sostienen aunque desde hoy se va a cambiar el protocolo de medidas de cuidado \u201cdonde vamos a establecer el car\u00e1cter optativo del uso del barbijo en lugares cerrados, laborales, recreativos y educativos, y vamos a mantener el uso obligatorio del barbijo en el transporte p\u00fablico y en el sector p\u00fablico y privado de salud\u201d. Esta decisi\u00f3n se enmarca en las medidas de protecci\u00f3n, tanto para usuarios y usuarias del sistema y para los equipos de salud.<br \/>\nSi bien la medida es de car\u00e1cter optativo, Centeno recomend\u00f3 \u201cseguir utilizando el tapabocas cuando no se pueda establecer la ventilaci\u00f3n adecuada\u201d.<br \/>\nAdem\u00e1s, hizo un llamamiento a toda la sociedad para avanzar con la aplicaci\u00f3n de dosis de refuerzo contra el coronavirus. La ministra se\u00f1al\u00f3 que ya se colocaron 2 millones 300 mil dosis en la provincia y record\u00f3 la importancia de avanzar en los grupos objetivo ya que la vacunaci\u00f3n es gratuita.<\/p>\n","protected":false},"excerpt":{"rendered":"<p>La ministra de Salud P\u00fablica de la provincia anunci\u00f3 el nuevo protocolo sanitario contra el coronavirus. Los equipos de salud p\u00fablica y privada deber\u00e1n seguir utilizando el tapabocas. La ministra de Salud P\u00fablica del Chaco, Carolina Centeno, brind\u00f3 una conferencia de prensa donde anunci\u00f3 las nuevas medidas epidemiol\u00f3gicas. La m\u00e9dica inform\u00f3 la evaluaci\u00f3n que realiz\u00f3 [&hellip;]<\/p>\n","protected":false},"author":1,"featured_media":17064,"comment_status":"closed","ping_status":"closed","sticky":false,"template":"","format":"standard","meta":{"footnotes":""},"categories":[6],"tags":[197],"class_list":{"0":"post-17063","1":"post","2":"type-post","3":"status-publish","4":"format-standard","5":"has-post-thumbnail","7":"category-chaco","8":"tag-destacada"},"_links":{"self":[{"href":"https:\/\/chacosintesis.com.ar\/index.php\/wp-json\/wp\/v2\/posts\/17063","targetHints":{"allow":["GET"]}}],"collection":[{"href":"https:\/\/chacosintesis.com.ar\/index.php\/wp-json\/wp\/v2\/posts"}],"about":[{"href":"https:\/\/chacosintesis.com.ar\/index.php\/wp-json\/wp\/v2\/types\/post"}],"author":[{"embeddable":true,"href":"https:\/\/chacosintesis.com.ar\/index.php\/wp-json\/wp\/v2\/users\/1"}],"replies":[{"embeddable":true,"href":"https:\/\/chacosintesis.com.ar\/index.php\/wp-json\/wp\/v2\/comments?post=17063"}],"version-history":[{"count":0,"href":"https:\/\/chacosintesis.com.ar\/index.php\/wp-json\/wp\/v2\/posts\/17063\/revisions"}],"wp:featuredmedia":[{"embeddable":true,"href":"https:\/\/chacosintesis.com.ar\/index.php\/wp-json\/wp\/v2\/media\/17064"}],"wp:attachment":[{"href":"https:\/\/chacosintesis.com.ar\/index.php\/wp-json\/wp\/v2\/media?parent=17063"}],"wp:term":[{"taxonomy":"category","embeddable":true,"href":"https:\/\/chacosintesis.com.ar\/index.php\/wp-json\/wp\/v2\/categories?post=17063"},{"taxonomy":"post_tag","embeddable":true,"href":"https:\/\/chacosintesis.com.ar\/index.php\/wp-json\/wp\/v2\/tags?post=17063"}],"curies":[{"name":"wp","href":"https:\/\/api.w.org\/{rel}","templated":true}]}}