{"id":17041,"date":"2022-09-04T10:57:42","date_gmt":"2022-09-04T13:57:42","guid":{"rendered":"https:\/\/chacosintesis.com.ar\/?p=17041"},"modified":"2022-09-04T11:07:09","modified_gmt":"2022-09-04T14:07:09","slug":"cuesta-queremos-brindar-nuestro-apoyo-a-los-productores-y-ponernos-a-su-disposicion","status":"publish","type":"post","link":"https:\/\/chacosintesis.com.ar\/index.php\/cuesta-queremos-brindar-nuestro-apoyo-a-los-productores-y-ponernos-a-su-disposicion\/","title":{"rendered":"Cuesta: \u201cQueremos brindar nuestro apoyo a los productores y ponernos a su disposici\u00f3n\u201d"},"content":{"rendered":"<p>En el marco de la sesi\u00f3n itinerante que se llev\u00f3 a cabo en Pampa del Infierno del programa Sesionemos Juntos, la presienta Elida Cuesta junto a legisladores de diferentes bloques pol\u00edticos y la intendenta Glenda Seifert visitaron la planta de acopio de semillas Uni\u00f3n Agr\u00edcola Avellaneda.<br \/>\nLa comitiva de legisladores reconoci\u00f3 el trabajo de la planta y su impacto en el desarrollo de la comunidad.<br \/>\n Cuesta remarc\u00f3 la importancia de recorrer cada sector de las localidades que visita la Legislatura y asegur\u00f3 que desde el Estado se debe apoyar al sector productivo. \u201cEsta planta da trabajo a m\u00e1s de 90 familias de Pampa del Infierno y es muy importante porque en esta localidad se produce m\u00e1s del 30 por ciento de la producci\u00f3n agr\u00edcola provincial por lo que nosotros los visitamos para reconocerlos, brindarles nuestro apoyo y ponernos a su disposici\u00f3n, no solo por el trabajo que generan, sino tambi\u00e9n, por los productores\u201d, manifest\u00f3.<\/p>\n<p>En este sentido, la legisladora destac\u00f3 la inversi\u00f3n en innovaci\u00f3n y tecnolog\u00eda del sector, remarcando que el campo es motor productivo del pa\u00eds. &#8220;Esta empresa vino de la provincia de Santa Fe y se instalaron en Pampa del Infierno generando un impulso importante a la producci\u00f3n agr\u00edcola, trabajando en conjunto con  los productores e invirtiendo en innovaci\u00f3n y tecnolog\u00eda generando un c\u00edrculo virtuoso del sector privado que beneficia a todos, es por esto, que el campo representa el motor productivo del pa\u00eds&#8221;, asever\u00f3.<\/p>\n<p>Por su parte, la intendenta Glenda Seifert resalt\u00f3 que se conozca el potencial productivo de la localidad. \u201cSin dudas es fundamental conocer c\u00f3mo se desarrolla nuestra actividad y que los legisladores sepan lo que se necesita, como ser la falta de un parque industrial y algunas leyes que favorezcan al sector agropecuario.<\/p>\n<p>Si logramos un ordenamiento territorial con la extensi\u00f3n de la frontera agropecuaria, la producci\u00f3n se va a seguir desarrollando en beneficio de toda la provincia\u201d, manifest\u00f3 la jefa comunal.<\/p>\n","protected":false},"excerpt":{"rendered":"<p>En el marco de la sesi\u00f3n itinerante que se llev\u00f3 a cabo en Pampa del Infierno del programa Sesionemos Juntos, la presienta Elida Cuesta junto a legisladores de diferentes bloques pol\u00edticos y la intendenta Glenda Seifert visitaron la planta de acopio de semillas Uni\u00f3n Agr\u00edcola Avellaneda. La comitiva de legisladores reconoci\u00f3 el trabajo de la [&hellip;]<\/p>\n","protected":false},"author":1,"featured_media":17042,"comment_status":"closed","ping_status":"closed","sticky":false,"template":"","format":"standard","meta":{"footnotes":""},"categories":[6],"tags":[],"class_list":{"0":"post-17041","1":"post","2":"type-post","3":"status-publish","4":"format-standard","5":"has-post-thumbnail","7":"category-chaco"},"_links":{"self":[{"href":"https:\/\/chacosintesis.com.ar\/index.php\/wp-json\/wp\/v2\/posts\/17041","targetHints":{"allow":["GET"]}}],"collection":[{"href":"https:\/\/chacosintesis.com.ar\/index.php\/wp-json\/wp\/v2\/posts"}],"about":[{"href":"https:\/\/chacosintesis.com.ar\/index.php\/wp-json\/wp\/v2\/types\/post"}],"author":[{"embeddable":true,"href":"https:\/\/chacosintesis.com.ar\/index.php\/wp-json\/wp\/v2\/users\/1"}],"replies":[{"embeddable":true,"href":"https:\/\/chacosintesis.com.ar\/index.php\/wp-json\/wp\/v2\/comments?post=17041"}],"version-history":[{"count":0,"href":"https:\/\/chacosintesis.com.ar\/index.php\/wp-json\/wp\/v2\/posts\/17041\/revisions"}],"wp:featuredmedia":[{"embeddable":true,"href":"https:\/\/chacosintesis.com.ar\/index.php\/wp-json\/wp\/v2\/media\/17042"}],"wp:attachment":[{"href":"https:\/\/chacosintesis.com.ar\/index.php\/wp-json\/wp\/v2\/media?parent=17041"}],"wp:term":[{"taxonomy":"category","embeddable":true,"href":"https:\/\/chacosintesis.com.ar\/index.php\/wp-json\/wp\/v2\/categories?post=17041"},{"taxonomy":"post_tag","embeddable":true,"href":"https:\/\/chacosintesis.com.ar\/index.php\/wp-json\/wp\/v2\/tags?post=17041"}],"curies":[{"name":"wp","href":"https:\/\/api.w.org\/{rel}","templated":true}]}}