{"id":17036,"date":"2022-09-04T00:00:11","date_gmt":"2022-09-04T03:00:11","guid":{"rendered":"https:\/\/chacosintesis.com.ar\/?p=17036"},"modified":"2022-09-04T00:07:00","modified_gmt":"2022-09-04T03:07:00","slug":"un-fallecido-y-un-detenido-tras-un-desorden-en-el-barrio-solidario-de-saenz-pena","status":"publish","type":"post","link":"https:\/\/chacosintesis.com.ar\/index.php\/un-fallecido-y-un-detenido-tras-un-desorden-en-el-barrio-solidario-de-saenz-pena\/","title":{"rendered":"Un fallecido y un detenido tras un desorden en el barrio Solidario de S\u00e1enz Pe\u00f1a"},"content":{"rendered":"<p>El joven de 23 a\u00f1os ingres\u00f3 en el Hospital 4 de junio con una herida de arma blanca, minutos despu\u00e9s falleci\u00f3. La Divisi\u00f3n Investigaciones logr\u00f3 la detenci\u00f3n del presunto autor.<\/p>\n<p>Alrededor de las 13, se tom\u00f3 conocimiento del ingreso en el Hospital 4 de Junio de S\u00e1enz Pe\u00f1a de un joven de 23 a\u00f1os con una herida de arma blanca en el t\u00f3rax, quien lleg\u00f3 acompa\u00f1ado por una mujer y fue atendido de inmediato, aunque minutos despu\u00e9s falleci\u00f3.<br \/>\nEl efectivo policial de guardia en el nosocomio inform\u00f3 a la Comisar\u00eda Jurisdiccional y la Divisi\u00f3n Investigaciones; y tambi\u00e9n se inform\u00f3 a la Fiscal\u00eda en turno a cargo de Marcelo Fabi\u00e1n Soto.<br \/>\nLos agentes pusieron en marcha averiguaciones para esclarecer lo ocurrido. As\u00ed, en base a las primeras declaraciones, pudieron conocer que el conflicto se dio en el barrio Solidario, y todo apuntaba a que el presunto autor de la lesi\u00f3n fatal ser\u00eda un joven de 21 a\u00f1os.<br \/>\nCerca de las 15, en el barrio Solidario, los investigadores lograron la demora del implicado, quien fue trasladado a la dependencia policial y puesto a disposici\u00f3n de la justicia.<br \/>\nEl fiscal interviniente dispuso que el joven de 21 a\u00f1os sea notificado de su aprehensi\u00f3n por la causa Supuesto Homicidio.<\/p>\n","protected":false},"excerpt":{"rendered":"<p>El joven de 23 a\u00f1os ingres\u00f3 en el Hospital 4 de junio con una herida de arma blanca, minutos despu\u00e9s falleci\u00f3. La Divisi\u00f3n Investigaciones logr\u00f3 la detenci\u00f3n del presunto autor. Alrededor de las 13, se tom\u00f3 conocimiento del ingreso en el Hospital 4 de Junio de S\u00e1enz Pe\u00f1a de un joven de 23 a\u00f1os con [&hellip;]<\/p>\n","protected":false},"author":1,"featured_media":17037,"comment_status":"closed","ping_status":"closed","sticky":false,"template":"","format":"standard","meta":{"footnotes":""},"categories":[6],"tags":[],"class_list":{"0":"post-17036","1":"post","2":"type-post","3":"status-publish","4":"format-standard","5":"has-post-thumbnail","7":"category-chaco"},"_links":{"self":[{"href":"https:\/\/chacosintesis.com.ar\/index.php\/wp-json\/wp\/v2\/posts\/17036","targetHints":{"allow":["GET"]}}],"collection":[{"href":"https:\/\/chacosintesis.com.ar\/index.php\/wp-json\/wp\/v2\/posts"}],"about":[{"href":"https:\/\/chacosintesis.com.ar\/index.php\/wp-json\/wp\/v2\/types\/post"}],"author":[{"embeddable":true,"href":"https:\/\/chacosintesis.com.ar\/index.php\/wp-json\/wp\/v2\/users\/1"}],"replies":[{"embeddable":true,"href":"https:\/\/chacosintesis.com.ar\/index.php\/wp-json\/wp\/v2\/comments?post=17036"}],"version-history":[{"count":0,"href":"https:\/\/chacosintesis.com.ar\/index.php\/wp-json\/wp\/v2\/posts\/17036\/revisions"}],"wp:featuredmedia":[{"embeddable":true,"href":"https:\/\/chacosintesis.com.ar\/index.php\/wp-json\/wp\/v2\/media\/17037"}],"wp:attachment":[{"href":"https:\/\/chacosintesis.com.ar\/index.php\/wp-json\/wp\/v2\/media?parent=17036"}],"wp:term":[{"taxonomy":"category","embeddable":true,"href":"https:\/\/chacosintesis.com.ar\/index.php\/wp-json\/wp\/v2\/categories?post=17036"},{"taxonomy":"post_tag","embeddable":true,"href":"https:\/\/chacosintesis.com.ar\/index.php\/wp-json\/wp\/v2\/tags?post=17036"}],"curies":[{"name":"wp","href":"https:\/\/api.w.org\/{rel}","templated":true}]}}