{"id":17034,"date":"2022-09-03T12:30:44","date_gmt":"2022-09-03T15:30:44","guid":{"rendered":"https:\/\/chacosintesis.com.ar\/?p=17034"},"modified":"2022-09-03T12:36:50","modified_gmt":"2022-09-03T15:36:50","slug":"capitanich-impulsamos-una-fuerte-reduccion-del-deficit-habitacional-en-la-provincia","status":"publish","type":"post","link":"https:\/\/chacosintesis.com.ar\/index.php\/capitanich-impulsamos-una-fuerte-reduccion-del-deficit-habitacional-en-la-provincia\/","title":{"rendered":"Capitanich: \u201cImpulsamos una fuerte reducci\u00f3n del d\u00e9ficit habitacional en la provincia\u201d"},"content":{"rendered":"<p>Se trata de 67 unidades habitacionales destinadas a trabajadoras y trabajadores del Sindicato \u00danico de Trabajadores del Instituto de Vivienda. Con una inversi\u00f3n total de $479.183.703, cuenta con obras complementarias de infraestructura, pavimento y desag\u00fces y gener\u00f3 145 puestos de trabajo.<\/p>\n<p>El gobernador Jorge Capitanich, junto al administrador de la Direcci\u00f3n de Vialidad Provincial Hugo Varela, recorri\u00f3 este s\u00e1bado las obras de viviendas que se ejecutan en la zona sur de Resistencia en el marco del convenio con el Sindicato \u00danico de Trabajadores del Instituto de Vivienda (SUTIV).<br \/>\nSe trata de 67 unidades habitacionales y obras complementarias, que ya superan el 98% de avance en su ejecuci\u00f3n, y ser\u00e1n entregadas en los pr\u00f3ximos d\u00edas. Adem\u00e1s, se pavimentan cuatro cuadras que beneficiar\u00e1n a ese barrio y a la zona del Garrahan Resistencia. \u201cEsta es una obra extraordinaria que estuvo paralizada, que pudimos rescatarla y finalizarla para que los adjudicatarios puedan disfrutar de sus viviendas\u201d, asegur\u00f3 el gobernador.<br \/>\n Las viviendas y obras complementarias tienen una inversi\u00f3n total de $479.183.703 con financiamiento compartido (Vivienda $432.495.850 \u2013 Infraestructura $46.687.852) a trav\u00e9s de los programas Techo Digno y Foprovi.<br \/>\n\u201cLa obra est\u00e1 en proceso de finalizaci\u00f3n, se est\u00e1n ejecutando los detalles finales para garantizar la adjudicaci\u00f3n de las mismas en las pr\u00f3ximas semanas\u201d, agreg\u00f3 el mandatario. En ese marco, record\u00f3 que la provincia pudo reactivar las obras de 8 mil soluciones habitacionales que se paralizaron desde el 2015, adem\u00e1s de llevar adelante un importante plan de viviendas que incluye los cr\u00e9ditos PROCREAR que significar\u00e1 en los \u00faltimos 4 a\u00f1os de gesti\u00f3n, llegar a cerca de 20 mil viviendas para chaque\u00f1os y chaque\u00f1as.<br \/>\n \u201cEsto implica una fuerte resoluci\u00f3n del d\u00e9ficit habitacional. Hoy estamos volviendo nuevamente a una curva de inversi\u00f3n en viviendas populares, gracias al trabajo conjunto con el gobierno nacional. Estamos muy orgullosos, contentos y satisfechos por ver que obras de esta calidad puedan ser disfrutadas por m\u00e1s chaque\u00f1os y chaque\u00f1as\u201d, celebr\u00f3 el gobernador.<\/p>\n","protected":false},"excerpt":{"rendered":"<p>Se trata de 67 unidades habitacionales destinadas a trabajadoras y trabajadores del Sindicato \u00danico de Trabajadores del Instituto de Vivienda. Con una inversi\u00f3n total de $479.183.703, cuenta con obras complementarias de infraestructura, pavimento y desag\u00fces y gener\u00f3 145 puestos de trabajo. El gobernador Jorge Capitanich, junto al administrador de la Direcci\u00f3n de Vialidad Provincial Hugo [&hellip;]<\/p>\n","protected":false},"author":1,"featured_media":17035,"comment_status":"closed","ping_status":"closed","sticky":false,"template":"","format":"standard","meta":{"footnotes":""},"categories":[6],"tags":[],"class_list":{"0":"post-17034","1":"post","2":"type-post","3":"status-publish","4":"format-standard","5":"has-post-thumbnail","7":"category-chaco"},"_links":{"self":[{"href":"https:\/\/chacosintesis.com.ar\/index.php\/wp-json\/wp\/v2\/posts\/17034","targetHints":{"allow":["GET"]}}],"collection":[{"href":"https:\/\/chacosintesis.com.ar\/index.php\/wp-json\/wp\/v2\/posts"}],"about":[{"href":"https:\/\/chacosintesis.com.ar\/index.php\/wp-json\/wp\/v2\/types\/post"}],"author":[{"embeddable":true,"href":"https:\/\/chacosintesis.com.ar\/index.php\/wp-json\/wp\/v2\/users\/1"}],"replies":[{"embeddable":true,"href":"https:\/\/chacosintesis.com.ar\/index.php\/wp-json\/wp\/v2\/comments?post=17034"}],"version-history":[{"count":0,"href":"https:\/\/chacosintesis.com.ar\/index.php\/wp-json\/wp\/v2\/posts\/17034\/revisions"}],"wp:featuredmedia":[{"embeddable":true,"href":"https:\/\/chacosintesis.com.ar\/index.php\/wp-json\/wp\/v2\/media\/17035"}],"wp:attachment":[{"href":"https:\/\/chacosintesis.com.ar\/index.php\/wp-json\/wp\/v2\/media?parent=17034"}],"wp:term":[{"taxonomy":"category","embeddable":true,"href":"https:\/\/chacosintesis.com.ar\/index.php\/wp-json\/wp\/v2\/categories?post=17034"},{"taxonomy":"post_tag","embeddable":true,"href":"https:\/\/chacosintesis.com.ar\/index.php\/wp-json\/wp\/v2\/tags?post=17034"}],"curies":[{"name":"wp","href":"https:\/\/api.w.org\/{rel}","templated":true}]}}