{"id":17026,"date":"2022-09-02T21:41:24","date_gmt":"2022-09-03T00:41:24","guid":{"rendered":"https:\/\/chacosintesis.com.ar\/?p=17026"},"modified":"2022-09-02T22:06:44","modified_gmt":"2022-09-03T01:06:44","slug":"cuesta-repudio-el-atentado-contra-la-vicepresidenta-y-llamo-a-la-sociedad-a-reflexionar","status":"publish","type":"post","link":"https:\/\/chacosintesis.com.ar\/index.php\/cuesta-repudio-el-atentado-contra-la-vicepresidenta-y-llamo-a-la-sociedad-a-reflexionar\/","title":{"rendered":"Cuesta repudi\u00f3 el atentado contra la vicepresidenta y llam\u00f3 a la sociedad a reflexionar"},"content":{"rendered":"<p>Antes de dar inicio a la sesi\u00f3n extraordinaria convocada para este viernes, la presidenta del Poder Legislativo, Elida Cuesta, repudi\u00f3 el intento de magnicidio perpetrado en la noche del jueves contra la vicepresidenta Cristina Fern\u00e1ndez de Kirchner, y convoc\u00f3 a la sociedad y a toda la clase pol\u00edtica a una profunda reflexi\u00f3n para terminar con los discursos de odio e intolerancia. \u201cRepudio totalmente este aberrante hecho, es incre\u00edble que en estos tiempos de democracia en los cuales el pueblo dirime sus diferencias en elecciones, se atente contra vida de una persona por pensar diferente\u201d, manifest\u00f3.<br \/>\n Adem\u00e1s, la legisladora llam\u00f3 a toda la clase pol\u00edtica y dirigencial a reflexionar e interpelarse sobre la responsabilidad al generar un clima violento. \u201cToda la sociedad debe hacer una profunda reflexi\u00f3n, sobre todo nosotros, la clase pol\u00edtica, para determinar qu\u00e9 hemos hecho y qu\u00e9 grado de responsabilidad tenemos para que nuestro pueblo sea tan intolerante con el que piensa distinto\u201d, asever\u00f3.<\/p>\n<p>Por otra parte, Cuesta convoc\u00f3 a la pacificaci\u00f3n social, a terminar con los discursos de odio, la intolerancia y la violencia. \u201cDesde el lugar que cada uno de nosotros ocupa debemos hacer un llamado a la paz social. Ruego a Dios que nuestro pa\u00eds recupere la paz y la unidad para que esto nunca m\u00e1s vuelva a ocurrir en la Argentina\u201d, asegur\u00f3.<\/p>\n<p> Por \u00faltimo, la legisladora se solidariz\u00f3 con la vicepresidenta y le manifest\u00f3 su respaldo. \u201cComo mujer, madre y abuela, pero sobre todo como persona, mi fuerte apoyo a la vicepresidenta, a su familia y a sus seres queridos en este dif\u00edcil momento\u201d, remarc\u00f3 la diputada.<\/p>\n","protected":false},"excerpt":{"rendered":"<p>Antes de dar inicio a la sesi\u00f3n extraordinaria convocada para este viernes, la presidenta del Poder Legislativo, Elida Cuesta, repudi\u00f3 el intento de magnicidio perpetrado en la noche del jueves contra la vicepresidenta Cristina Fern\u00e1ndez de Kirchner, y convoc\u00f3 a la sociedad y a toda la clase pol\u00edtica a una profunda reflexi\u00f3n para terminar con [&hellip;]<\/p>\n","protected":false},"author":1,"featured_media":17027,"comment_status":"closed","ping_status":"closed","sticky":false,"template":"","format":"standard","meta":{"footnotes":""},"categories":[6],"tags":[],"class_list":{"0":"post-17026","1":"post","2":"type-post","3":"status-publish","4":"format-standard","5":"has-post-thumbnail","7":"category-chaco"},"_links":{"self":[{"href":"https:\/\/chacosintesis.com.ar\/index.php\/wp-json\/wp\/v2\/posts\/17026","targetHints":{"allow":["GET"]}}],"collection":[{"href":"https:\/\/chacosintesis.com.ar\/index.php\/wp-json\/wp\/v2\/posts"}],"about":[{"href":"https:\/\/chacosintesis.com.ar\/index.php\/wp-json\/wp\/v2\/types\/post"}],"author":[{"embeddable":true,"href":"https:\/\/chacosintesis.com.ar\/index.php\/wp-json\/wp\/v2\/users\/1"}],"replies":[{"embeddable":true,"href":"https:\/\/chacosintesis.com.ar\/index.php\/wp-json\/wp\/v2\/comments?post=17026"}],"version-history":[{"count":0,"href":"https:\/\/chacosintesis.com.ar\/index.php\/wp-json\/wp\/v2\/posts\/17026\/revisions"}],"wp:featuredmedia":[{"embeddable":true,"href":"https:\/\/chacosintesis.com.ar\/index.php\/wp-json\/wp\/v2\/media\/17027"}],"wp:attachment":[{"href":"https:\/\/chacosintesis.com.ar\/index.php\/wp-json\/wp\/v2\/media?parent=17026"}],"wp:term":[{"taxonomy":"category","embeddable":true,"href":"https:\/\/chacosintesis.com.ar\/index.php\/wp-json\/wp\/v2\/categories?post=17026"},{"taxonomy":"post_tag","embeddable":true,"href":"https:\/\/chacosintesis.com.ar\/index.php\/wp-json\/wp\/v2\/tags?post=17026"}],"curies":[{"name":"wp","href":"https:\/\/api.w.org\/{rel}","templated":true}]}}