{"id":17018,"date":"2022-09-02T21:14:35","date_gmt":"2022-09-03T00:14:35","guid":{"rendered":"https:\/\/chacosintesis.com.ar\/?p=17018"},"modified":"2022-09-02T21:37:29","modified_gmt":"2022-09-03T00:37:29","slug":"el-ex-gobernador-angel-rozas-repudio-el-ataque-a-cristina-kirchner","status":"publish","type":"post","link":"https:\/\/chacosintesis.com.ar\/index.php\/el-ex-gobernador-angel-rozas-repudio-el-ataque-a-cristina-kirchner\/","title":{"rendered":"El ex Gobernador \u00c1ngel Rozas repudi\u00f3 el ataque a Cristina Kirchner"},"content":{"rendered":"<p>En raz\u00f3n del ataque sufrido por la vicepresidenta de la Naci\u00f3n Cristina Kirchner, el ex gobernador de la provincia, Angel Rozas, hizo p\u00fablico un comunicado expresando su posici\u00f3n al respecto.<br \/>\n\u201cAnte el grav\u00edsimo y lamentable episodio contra la vicepresidenta de la Naci\u00f3n, Cristina Fern\u00e1ndez de Kirchner,  quiero manifestar mi repudio y expresar mi mayor solidaridad y apoyo a todo lo que sirva para mantener y apuntalar la paz social, los valores de la democracia y la justicia, evitando que el pa\u00eds se deslice por la violencia pol\u00edtica hacia una tragedia institucional de la que tenemos muy triste memoria\u201d.<br \/>\n\u201cLa pacificaci\u00f3n del pa\u00eds debe ser obra de toda la dirigencia pol\u00edtica y social, y nos  convoca a todos los sectores sin exclusiones dando el ejemplo con nuestra conducta, principalmente a las autoridades,  ya que el gobierno nacional tiene una responsabilidad primordial que asumir en esta hora\u201d.<br \/>\n\u201cNo creo que haber declarado un feriado nacional contribuya a estos objetivos  de paz y progreso social que abrazan la mayor\u00eda de los argentinos\u201d<\/p>\n","protected":false},"excerpt":{"rendered":"<p>En raz\u00f3n del ataque sufrido por la vicepresidenta de la Naci\u00f3n Cristina Kirchner, el ex gobernador de la provincia, Angel Rozas, hizo p\u00fablico un comunicado expresando su posici\u00f3n al respecto. \u201cAnte el grav\u00edsimo y lamentable episodio contra la vicepresidenta de la Naci\u00f3n, Cristina Fern\u00e1ndez de Kirchner, quiero manifestar mi repudio y expresar mi mayor solidaridad [&hellip;]<\/p>\n","protected":false},"author":1,"featured_media":17019,"comment_status":"closed","ping_status":"closed","sticky":false,"template":"","format":"standard","meta":{"footnotes":""},"categories":[6],"tags":[],"class_list":{"0":"post-17018","1":"post","2":"type-post","3":"status-publish","4":"format-standard","5":"has-post-thumbnail","7":"category-chaco"},"_links":{"self":[{"href":"https:\/\/chacosintesis.com.ar\/index.php\/wp-json\/wp\/v2\/posts\/17018","targetHints":{"allow":["GET"]}}],"collection":[{"href":"https:\/\/chacosintesis.com.ar\/index.php\/wp-json\/wp\/v2\/posts"}],"about":[{"href":"https:\/\/chacosintesis.com.ar\/index.php\/wp-json\/wp\/v2\/types\/post"}],"author":[{"embeddable":true,"href":"https:\/\/chacosintesis.com.ar\/index.php\/wp-json\/wp\/v2\/users\/1"}],"replies":[{"embeddable":true,"href":"https:\/\/chacosintesis.com.ar\/index.php\/wp-json\/wp\/v2\/comments?post=17018"}],"version-history":[{"count":0,"href":"https:\/\/chacosintesis.com.ar\/index.php\/wp-json\/wp\/v2\/posts\/17018\/revisions"}],"wp:featuredmedia":[{"embeddable":true,"href":"https:\/\/chacosintesis.com.ar\/index.php\/wp-json\/wp\/v2\/media\/17019"}],"wp:attachment":[{"href":"https:\/\/chacosintesis.com.ar\/index.php\/wp-json\/wp\/v2\/media?parent=17018"}],"wp:term":[{"taxonomy":"category","embeddable":true,"href":"https:\/\/chacosintesis.com.ar\/index.php\/wp-json\/wp\/v2\/categories?post=17018"},{"taxonomy":"post_tag","embeddable":true,"href":"https:\/\/chacosintesis.com.ar\/index.php\/wp-json\/wp\/v2\/tags?post=17018"}],"curies":[{"name":"wp","href":"https:\/\/api.w.org\/{rel}","templated":true}]}}