{"id":17016,"date":"2022-09-02T12:33:04","date_gmt":"2022-09-02T15:33:04","guid":{"rendered":"https:\/\/chacosintesis.com.ar\/?p=17016"},"modified":"2022-09-02T12:37:05","modified_gmt":"2022-09-02T15:37:05","slug":"legislatura-del-chaco-convocan-a-sesion-extraordinaria-para-las-14-horas","status":"publish","type":"post","link":"https:\/\/chacosintesis.com.ar\/index.php\/legislatura-del-chaco-convocan-a-sesion-extraordinaria-para-las-14-horas\/","title":{"rendered":"Legislatura del Chaco: Convocan a sesi\u00f3n extraordinaria para las 14 horas"},"content":{"rendered":"<p>Tras el intento de magnicidio a la vicepresidenta Cristina Fern\u00e1ndez de Kirchner, la C\u00e1mara de Diputados se re\u00fane este viernes en sesi\u00f3n extraordinaria.<br \/>\n Diputadas y diputados del interbloque Frente de Todos presentaron el pedido de convocatoria a sesi\u00f3n extraordinaria para este viernes 2 de septiembre, a las 14, con el objetivo de que el Poder Legislativo del Chaco se exprese respecto a los hechos de violencia de p\u00fablico conocimiento. La solicitud ingres\u00f3 con la firma de quince legisladores, plasmada en el Expediente N\u00b0 144\/2022.<br \/>\n En el marco de lo dispuesto por la Constituci\u00f3n provincial, elevaron el pedido a trav\u00e9s del cual la presidenta del Poder Legislativo, Elida Cuesta, convoc\u00f3 al cuerpo parlamentario para esta tarde, cuando tratar\u00e1n como \u00fanico tema el hecho de violencia en contra de la vida de Cristina.<\/p>\n","protected":false},"excerpt":{"rendered":"<p>Tras el intento de magnicidio a la vicepresidenta Cristina Fern\u00e1ndez de Kirchner, la C\u00e1mara de Diputados se re\u00fane este viernes en sesi\u00f3n extraordinaria. Diputadas y diputados del interbloque Frente de Todos presentaron el pedido de convocatoria a sesi\u00f3n extraordinaria para este viernes 2 de septiembre, a las 14, con el objetivo de que el Poder [&hellip;]<\/p>\n","protected":false},"author":1,"featured_media":17017,"comment_status":"closed","ping_status":"closed","sticky":false,"template":"","format":"standard","meta":{"footnotes":""},"categories":[6],"tags":[],"class_list":{"0":"post-17016","1":"post","2":"type-post","3":"status-publish","4":"format-standard","5":"has-post-thumbnail","7":"category-chaco"},"_links":{"self":[{"href":"https:\/\/chacosintesis.com.ar\/index.php\/wp-json\/wp\/v2\/posts\/17016","targetHints":{"allow":["GET"]}}],"collection":[{"href":"https:\/\/chacosintesis.com.ar\/index.php\/wp-json\/wp\/v2\/posts"}],"about":[{"href":"https:\/\/chacosintesis.com.ar\/index.php\/wp-json\/wp\/v2\/types\/post"}],"author":[{"embeddable":true,"href":"https:\/\/chacosintesis.com.ar\/index.php\/wp-json\/wp\/v2\/users\/1"}],"replies":[{"embeddable":true,"href":"https:\/\/chacosintesis.com.ar\/index.php\/wp-json\/wp\/v2\/comments?post=17016"}],"version-history":[{"count":0,"href":"https:\/\/chacosintesis.com.ar\/index.php\/wp-json\/wp\/v2\/posts\/17016\/revisions"}],"wp:featuredmedia":[{"embeddable":true,"href":"https:\/\/chacosintesis.com.ar\/index.php\/wp-json\/wp\/v2\/media\/17017"}],"wp:attachment":[{"href":"https:\/\/chacosintesis.com.ar\/index.php\/wp-json\/wp\/v2\/media?parent=17016"}],"wp:term":[{"taxonomy":"category","embeddable":true,"href":"https:\/\/chacosintesis.com.ar\/index.php\/wp-json\/wp\/v2\/categories?post=17016"},{"taxonomy":"post_tag","embeddable":true,"href":"https:\/\/chacosintesis.com.ar\/index.php\/wp-json\/wp\/v2\/tags?post=17016"}],"curies":[{"name":"wp","href":"https:\/\/api.w.org\/{rel}","templated":true}]}}