{"id":17014,"date":"2022-09-02T12:28:40","date_gmt":"2022-09-02T15:28:40","guid":{"rendered":"https:\/\/chacosintesis.com.ar\/?p=17014"},"modified":"2022-09-02T12:37:02","modified_gmt":"2022-09-02T15:37:02","slug":"un-hombre-de-39-anos-murio-anoche-en-un-siniestro-vial","status":"publish","type":"post","link":"https:\/\/chacosintesis.com.ar\/index.php\/un-hombre-de-39-anos-murio-anoche-en-un-siniestro-vial\/","title":{"rendered":"Un hombre de 39 a\u00f1os muri\u00f3 anoche en un siniestro vial"},"content":{"rendered":"<p>Este jueves por la noche falleci\u00f3 un hombre de 39 a\u00f1os, identificado como Jorge Ailan, producto de un siniestro entre una moto, en la que se movilizaba la v\u00edctima, y un Toyota Corolla.<br \/>\nAgentes de la Comisar\u00eda de Villa R\u00edo Bermejito se trasladaron hasta la Ruta Provincial N\u00b0 3, donde se hab\u00eda producido un accidente de tr\u00e1nsito, y en el lugar hallaron una moto de 110 cc. y a unos metros a un hombre tirado sobre la ruta ya sin signos vitales.<br \/>\nEl otro implicado fue un veh\u00edculo Toyota Corolla en el que se movilizaba un ciudadano de 52 a\u00f1os quien result\u00f3 con lesiones leves.<br \/>\nEl Fiscal interviniente dispuso se proceda a la identificaci\u00f3n, prosiguiendo en Libertad en la causa \u201cSupuesto Homicidio Culposo en Accidente de Tr\u00e1nsito\u201d del conductor del auto y que el cuerpo sea entrega a familiares fines p\u00f3stumos<\/p>\n","protected":false},"excerpt":{"rendered":"<p>Este jueves por la noche falleci\u00f3 un hombre de 39 a\u00f1os, identificado como Jorge Ailan, producto de un siniestro entre una moto, en la que se movilizaba la v\u00edctima, y un Toyota Corolla. Agentes de la Comisar\u00eda de Villa R\u00edo Bermejito se trasladaron hasta la Ruta Provincial N\u00b0 3, donde se hab\u00eda producido un accidente [&hellip;]<\/p>\n","protected":false},"author":1,"featured_media":17015,"comment_status":"closed","ping_status":"closed","sticky":false,"template":"","format":"standard","meta":{"footnotes":""},"categories":[6],"tags":[],"class_list":{"0":"post-17014","1":"post","2":"type-post","3":"status-publish","4":"format-standard","5":"has-post-thumbnail","7":"category-chaco"},"_links":{"self":[{"href":"https:\/\/chacosintesis.com.ar\/index.php\/wp-json\/wp\/v2\/posts\/17014","targetHints":{"allow":["GET"]}}],"collection":[{"href":"https:\/\/chacosintesis.com.ar\/index.php\/wp-json\/wp\/v2\/posts"}],"about":[{"href":"https:\/\/chacosintesis.com.ar\/index.php\/wp-json\/wp\/v2\/types\/post"}],"author":[{"embeddable":true,"href":"https:\/\/chacosintesis.com.ar\/index.php\/wp-json\/wp\/v2\/users\/1"}],"replies":[{"embeddable":true,"href":"https:\/\/chacosintesis.com.ar\/index.php\/wp-json\/wp\/v2\/comments?post=17014"}],"version-history":[{"count":0,"href":"https:\/\/chacosintesis.com.ar\/index.php\/wp-json\/wp\/v2\/posts\/17014\/revisions"}],"wp:featuredmedia":[{"embeddable":true,"href":"https:\/\/chacosintesis.com.ar\/index.php\/wp-json\/wp\/v2\/media\/17015"}],"wp:attachment":[{"href":"https:\/\/chacosintesis.com.ar\/index.php\/wp-json\/wp\/v2\/media?parent=17014"}],"wp:term":[{"taxonomy":"category","embeddable":true,"href":"https:\/\/chacosintesis.com.ar\/index.php\/wp-json\/wp\/v2\/categories?post=17014"},{"taxonomy":"post_tag","embeddable":true,"href":"https:\/\/chacosintesis.com.ar\/index.php\/wp-json\/wp\/v2\/tags?post=17014"}],"curies":[{"name":"wp","href":"https:\/\/api.w.org\/{rel}","templated":true}]}}