{"id":17012,"date":"2022-09-02T09:25:22","date_gmt":"2022-09-02T12:25:22","guid":{"rendered":"https:\/\/chacosintesis.com.ar\/?p=17012"},"modified":"2022-09-02T09:36:59","modified_gmt":"2022-09-02T12:36:59","slug":"diputados-de-la-ucr-repudiaron-el-ataque-contra-cristina-fernandez-de-kirchner","status":"publish","type":"post","link":"https:\/\/chacosintesis.com.ar\/index.php\/diputados-de-la-ucr-repudiaron-el-ataque-contra-cristina-fernandez-de-kirchner\/","title":{"rendered":"Diputados de la UCR repudiaron el ataque contra Cristina Fernandez de Kirchner"},"content":{"rendered":"<p>Diputados del interbloque de la UCR expresaron su  en\u00e9rgico repudio y rechazo al ataque perpetrado contra la vicepresidenta de la Naci\u00f3n Cristina Fern\u00e1ndez de Kirchner.<br \/>\nEn un comunicado  los legisladores expresaron \u201cRepudiamos y rechazamos el ataque llevado a cabo contra la vicepresidenta Cristina Kirchner, constituye un atentado contra la democracia que nos retrotrae a momentos oscuros de nuestra historia. Instamos a las autoridades competentes a realizar una exhaustiva investigaci\u00f3n de lo sucedido a fin de determinar responsabilidades y esclarecer r\u00e1pidamente lo ocurrido\u201d<br \/>\n\u201cDel mismo modo rechazamos por irresponsables y temerarias las declaraciones efectuadas por el presidente de la Naci\u00f3n Alberto Fern\u00e1ndez y dem\u00e1s referentes del oficialismo que pretenden vincular este acontecimiento con sectores pol\u00edticos de la oposici\u00f3n\u201d<br \/>\nFinalmente hicieron un llamado a la sociedad en su conjunto \u201cEl pa\u00eds vive horas dif\u00edciles que requieren del mayor esfuerzo para garantizar la paz y la uni\u00f3n de los argentinos, ese fue, es y ser\u00e1 siempre el camino elegido por la UCR\u201d.<\/p>\n","protected":false},"excerpt":{"rendered":"<p>Diputados del interbloque de la UCR expresaron su en\u00e9rgico repudio y rechazo al ataque perpetrado contra la vicepresidenta de la Naci\u00f3n Cristina Fern\u00e1ndez de Kirchner. En un comunicado los legisladores expresaron \u201cRepudiamos y rechazamos el ataque llevado a cabo contra la vicepresidenta Cristina Kirchner, constituye un atentado contra la democracia que nos retrotrae a momentos [&hellip;]<\/p>\n","protected":false},"author":1,"featured_media":17013,"comment_status":"closed","ping_status":"closed","sticky":false,"template":"","format":"standard","meta":{"footnotes":""},"categories":[6],"tags":[],"class_list":{"0":"post-17012","1":"post","2":"type-post","3":"status-publish","4":"format-standard","5":"has-post-thumbnail","7":"category-chaco"},"_links":{"self":[{"href":"https:\/\/chacosintesis.com.ar\/index.php\/wp-json\/wp\/v2\/posts\/17012","targetHints":{"allow":["GET"]}}],"collection":[{"href":"https:\/\/chacosintesis.com.ar\/index.php\/wp-json\/wp\/v2\/posts"}],"about":[{"href":"https:\/\/chacosintesis.com.ar\/index.php\/wp-json\/wp\/v2\/types\/post"}],"author":[{"embeddable":true,"href":"https:\/\/chacosintesis.com.ar\/index.php\/wp-json\/wp\/v2\/users\/1"}],"replies":[{"embeddable":true,"href":"https:\/\/chacosintesis.com.ar\/index.php\/wp-json\/wp\/v2\/comments?post=17012"}],"version-history":[{"count":0,"href":"https:\/\/chacosintesis.com.ar\/index.php\/wp-json\/wp\/v2\/posts\/17012\/revisions"}],"wp:featuredmedia":[{"embeddable":true,"href":"https:\/\/chacosintesis.com.ar\/index.php\/wp-json\/wp\/v2\/media\/17013"}],"wp:attachment":[{"href":"https:\/\/chacosintesis.com.ar\/index.php\/wp-json\/wp\/v2\/media?parent=17012"}],"wp:term":[{"taxonomy":"category","embeddable":true,"href":"https:\/\/chacosintesis.com.ar\/index.php\/wp-json\/wp\/v2\/categories?post=17012"},{"taxonomy":"post_tag","embeddable":true,"href":"https:\/\/chacosintesis.com.ar\/index.php\/wp-json\/wp\/v2\/tags?post=17012"}],"curies":[{"name":"wp","href":"https:\/\/api.w.org\/{rel}","templated":true}]}}