{"id":17008,"date":"2022-09-02T09:21:41","date_gmt":"2022-09-02T12:21:41","guid":{"rendered":"https:\/\/chacosintesis.com.ar\/?p=17008"},"modified":"2022-09-02T09:36:57","modified_gmt":"2022-09-02T12:36:57","slug":"chaco-adhirio-al-feriado-nacional-para-este-viernes-2-de-septiembre-decretado-por-alberto-fernandez","status":"publish","type":"post","link":"https:\/\/chacosintesis.com.ar\/index.php\/chaco-adhirio-al-feriado-nacional-para-este-viernes-2-de-septiembre-decretado-por-alberto-fernandez\/","title":{"rendered":"Chaco adhiri\u00f3 al feriado nacional para este viernes 2 de septiembre decretado por Alberto Fern\u00e1ndez"},"content":{"rendered":"<p>El gobierno provincial confirm\u00f3 su adhesi\u00f3n al feriado nacional de este viernes 2 de septiembre, anunciado por el presidente Alberto Fern\u00e1ndez en cadena nacional hace instantes.<br \/>\nSe trata de una medida excepcional vinculada al intento de asesinato ocurrido cerca de las 21 del jueves contra la actual vicepresidenta y dos veces presidenta de la Naci\u00f3n, Cristina Fern\u00e1ndez de Kirchner.<br \/>\nEn ese marco, quedan suspendidas las actividades de la administraci\u00f3n p\u00fablica y las clases en el sistema educativo, para todos los niveles. Quedan exceptuados los servicios esenciales.<br \/>\nLa medida se da &#8220;para que en paz y armon\u00eda el pueblo argentino pueda expresarse en defensa de la vida, de la democracia y en solidaridad con nuestra vicepresidenta&#8221;, expres\u00f3 el presidente.<br \/>\n&#8220;En una sociedad democr\u00e1tica los discursos que promueven el odio no pueden tener lugar, porque engendran violencia, y no hay ninguna posibilidad de que la violencia conviva por la democracia&#8221;, manifest\u00f3 Fern\u00e1ndez.<br \/>\n&#8220;Estamos ante un hecho que tiene una gravedad institucional y humana extrema. Se ha atentado contra nuestra vicepresidenta y la paz social ha sido alterada. Argentina ya no puede perder ni un minuto m\u00e1s, ya no hay tiempo. Es necesario desterrar la violencia y el odio del discurso pol\u00edtico y medi\u00e1tico, y de nuestra vida en sociedad&#8221;, ampli\u00f3.<\/p>\n","protected":false},"excerpt":{"rendered":"<p>El gobierno provincial confirm\u00f3 su adhesi\u00f3n al feriado nacional de este viernes 2 de septiembre, anunciado por el presidente Alberto Fern\u00e1ndez en cadena nacional hace instantes. Se trata de una medida excepcional vinculada al intento de asesinato ocurrido cerca de las 21 del jueves contra la actual vicepresidenta y dos veces presidenta de la Naci\u00f3n, [&hellip;]<\/p>\n","protected":false},"author":1,"featured_media":17009,"comment_status":"closed","ping_status":"closed","sticky":false,"template":"","format":"standard","meta":{"footnotes":""},"categories":[6],"tags":[],"class_list":{"0":"post-17008","1":"post","2":"type-post","3":"status-publish","4":"format-standard","5":"has-post-thumbnail","7":"category-chaco"},"_links":{"self":[{"href":"https:\/\/chacosintesis.com.ar\/index.php\/wp-json\/wp\/v2\/posts\/17008","targetHints":{"allow":["GET"]}}],"collection":[{"href":"https:\/\/chacosintesis.com.ar\/index.php\/wp-json\/wp\/v2\/posts"}],"about":[{"href":"https:\/\/chacosintesis.com.ar\/index.php\/wp-json\/wp\/v2\/types\/post"}],"author":[{"embeddable":true,"href":"https:\/\/chacosintesis.com.ar\/index.php\/wp-json\/wp\/v2\/users\/1"}],"replies":[{"embeddable":true,"href":"https:\/\/chacosintesis.com.ar\/index.php\/wp-json\/wp\/v2\/comments?post=17008"}],"version-history":[{"count":0,"href":"https:\/\/chacosintesis.com.ar\/index.php\/wp-json\/wp\/v2\/posts\/17008\/revisions"}],"wp:featuredmedia":[{"embeddable":true,"href":"https:\/\/chacosintesis.com.ar\/index.php\/wp-json\/wp\/v2\/media\/17009"}],"wp:attachment":[{"href":"https:\/\/chacosintesis.com.ar\/index.php\/wp-json\/wp\/v2\/media?parent=17008"}],"wp:term":[{"taxonomy":"category","embeddable":true,"href":"https:\/\/chacosintesis.com.ar\/index.php\/wp-json\/wp\/v2\/categories?post=17008"},{"taxonomy":"post_tag","embeddable":true,"href":"https:\/\/chacosintesis.com.ar\/index.php\/wp-json\/wp\/v2\/tags?post=17008"}],"curies":[{"name":"wp","href":"https:\/\/api.w.org\/{rel}","templated":true}]}}