{"id":16997,"date":"2022-09-01T09:09:53","date_gmt":"2022-09-01T12:09:53","guid":{"rendered":"https:\/\/chacosintesis.com.ar\/?p=16997"},"modified":"2022-09-01T09:37:34","modified_gmt":"2022-09-01T12:37:34","slug":"secheep-el-consumo-de-septiembre-se-computara-con-la-nueva-tarifa","status":"publish","type":"post","link":"https:\/\/chacosintesis.com.ar\/index.php\/secheep-el-consumo-de-septiembre-se-computara-con-la-nueva-tarifa\/","title":{"rendered":"Secheep: el consumo de septiembre se computar\u00e1 con la nueva tarifa"},"content":{"rendered":"<p>Entra en vigencia el aumento con segmentaci\u00f3n. Las primeras facturas tendr\u00e1n vencimiento en noviembre. Estimaci\u00f3n del impacto<br \/>\n A partir del consumo de septiembre de 2022 los usuarios de Secheep tendr\u00e1n una actualizaci\u00f3n en los importes facturados por consumo energ\u00e9tico, en virtud de la puesta en marcha del r\u00e9gimen de segmentaci\u00f3n de subsidios para sectores residenciales implementados por el Gobierno nacional, y de la aplicaci\u00f3n parcial del aumento aprobado en la audiencia p\u00fablica llevada a cabo el \u00faltimo 15 de julio.<\/p>\n<p>Seg\u00fan una estimaci\u00f3n oficial, los usuarios residenciales de menor consumo tendr\u00e1n una actualizaci\u00f3n menor a los $1000; y los hogares de mayores ingresos econ\u00f3micos, un promedio de $2100. Dichos montos regir\u00e1n sobre los consumos de septiembre, y reci\u00e9n tendr\u00e1n impacto en las facturas que lleguen con vencimiento de noviembre.<br \/>\nSEGMENTACI\u00d3N DE TARIFAS<br \/>\nEl Poder Ejecutivo nacional, mediante el decreto N\u00b0 332\/22, estableci\u00f3 el r\u00e9gimen de segmentaci\u00f3n de subsidios para usuarios residenciales, diferenciados en tres segmentos, a saber: nivel 1, de mayores ingresos; nivel 2, de menores ingresos; y nivel 3, de ingresos medios. Para ello cre\u00f3 el Registro de Acceso a los Subsidios a la Energ\u00eda (RASE) en el cual se deb\u00edan inscribir los usuarios residenciales de los servicios p\u00fablicos de energ\u00eda el\u00e9ctrica que soliciten el subsidio del Estado nacional, sean o no titulares de los servicios.<br \/>\nA partir del registro se conform\u00f3 el padr\u00f3n de beneficiarios del r\u00e9gimen de subsidios sobre la base de las declaraciones juradas presentadas por los usuarios del servicio.<br \/>\nA su vez, el 25 de agosto de 2022 se public\u00f3 la resoluci\u00f3n N\u00b0 627 de la Secretar\u00eda de Energ\u00eda de la Naci\u00f3n, la cual aprob\u00f3 los precios de la energ\u00eda mayorista correspondiente a los tres segmentos definidos por el decreto 332\/22, as\u00ed como tambi\u00e9n para las restantes categor\u00edas de usuarios del servicio el\u00e9ctrico.<br \/>\nCon dichos precios las distribuidoras de energ\u00eda el\u00e9ctrica determinaron los cuadros tarifarios de aplicaci\u00f3n para cada tipo de usuario. Para el segmento de demanda de la residencial de nivel 1 (que son de los hogares de mayores ingresos y\/o que no se inscribieron), los precios mayoristas de la energ\u00eda a partir del 1 de septiembre poseen un 20% de quita de subsidios, lo que se traduce en un 70% de incremento de los precios unitarios de dicho concepto.<br \/>\nEn el caso de los segmentos de los niveles 2 y 3 (que son los hogares de ingresos medios y de bajo ingresos), no poseen incrementos respecto de los anteriormente vigentes. Adem\u00e1s, tambi\u00e9n se establecieron nuevos precios mayoristas de la energ\u00eda destinada a usuarios generales, como son los comerciales e industriales, los cuales no est\u00e1n estipulados, por el momento, en la nueva segmentaci\u00f3n tarifaria.<br \/>\nEL VALOR AGREGADO DE DISTRIBUCI\u00d3N<br \/>\nPor otro lado, el 15 de julio de 2022 se celebr\u00f3 una audiencia p\u00fablica en La Leonesa, siendo la misma convocada por el Poder Ejecutivo provincial a trav\u00e9s del decreto N\u00b0 1206\/22, respecto al tratamiento de la actualizaci\u00f3n de la tarifa de energ\u00eda el\u00e9ctrica y el cargo tarifario espec\u00edfico, por la variaci\u00f3n de los costos de distribuci\u00f3n. La cual fue aprobada por la resoluci\u00f3n N\u00b0 970\/22 de la Secretar\u00eda General de la Gobernaci\u00f3n.<br \/>\nCabe destacar, que para poder velar por el patrimonio del Estado, esto es, cuidar la operatividad y mantener la infraestructura el\u00e9ctrica existente, as\u00ed como ejecutar las inversiones de infraestructura el\u00e9ctrica para el desarrollo y crecimiento de la provincia, es fundamental contar con un cuadro tarifario adecuado y acorde a los costos de prestaci\u00f3n del servicio el\u00e9ctrico.<br \/>\nDe esta manera, debido al contexto social y econ\u00f3mico que atraviesa la provincia del Chaco, se aplicar\u00e1 de manera progresiva el Valor Agregado de Distribuci\u00f3n (VAD) aprobado en la audiencia p\u00fablica del 15 de julio de 2022, para lo cual, en esta primera etapa el Gobierno provincial decidi\u00f3 aplicar parcialmente dicho VAD, de manera de morigerar el impacto del incremento tarifario a los usuarios de Secheep.<br \/>\nA partir de todo lo anterior, esta empresa ha confeccionado un cuadro tarifario de aplicaci\u00f3n a los distintos usuarios, en el cual se trasladan los nuevos precios de la energ\u00eda del Mercado El\u00e9ctrico Mayorista (MEM), establecidos en la resoluci\u00f3n SE N\u00b0 627\/22 de la Naci\u00f3n y el decreto 332\/22, y en forma parcial los costos propios de la distribuci\u00f3n y los gastos de la comercializaci\u00f3n aprobados en la audiencia p\u00fablica mencionada, y establecidos en la resoluci\u00f3n N\u00ba 1572\/22 del Ministerio de Planificaci\u00f3n, Econom\u00eda e Infraestructura.<br \/>\nESTIMACI\u00d3N OFICIAL DEL IMPACTO EN LAS BOLETAS<br \/>\nPor la aplicaci\u00f3n de la segmentaci\u00f3n del Estado nacional a partir de septiembre, y la actualizaci\u00f3n tarifaria de la provincia para los ingresos medios y bajos que tienen un consumo mensual de 350 kwh en los hogares, ser\u00e1 de 991 pesos; y para los ingresos altos representar\u00e1 un incremento de 2.117 pesos. Asimismo, para los comercios e industrias peque\u00f1as es en promedio un 45%.<br \/>\nUn dato mayor es que la suba es menor que la inflaci\u00f3n. Adem\u00e1s, es importante recordar que, en el Chaco, 196.849 usuarios mantendr\u00e1n el 100% del subsidio, y otros 50.767 usuarios de ingresos medios ser\u00e1n beneficiados con el mismo hasta 550Kwh por mes, en el marco de gestiones logradas por el gobernador Jorge Capitanich, que increment\u00f3 el tope m\u00e1ximo de 400 a 550 kw\/w.<br \/>\nEn ese sentido, el impacto ser\u00e1 para 247.616 usuarios beneficiarios en el Chaco. Adem\u00e1s, el gobernador y el equipo t\u00e9cnico que trabaja en el marco de la regi\u00f3n Norte Grande, contin\u00faa con las gestiones para que en los meses de mayor consumo de energ\u00eda el\u00e9ctrica los costos mayoristas sean menores para el Chaco y el resto de las provincias del Nordeste y del Noroeste argentino.<br \/>\n DIARIO NORTE.-<\/p>\n","protected":false},"excerpt":{"rendered":"<p>Entra en vigencia el aumento con segmentaci\u00f3n. Las primeras facturas tendr\u00e1n vencimiento en noviembre. Estimaci\u00f3n del impacto A partir del consumo de septiembre de 2022 los usuarios de Secheep tendr\u00e1n una actualizaci\u00f3n en los importes facturados por consumo energ\u00e9tico, en virtud de la puesta en marcha del r\u00e9gimen de segmentaci\u00f3n de subsidios para sectores residenciales [&hellip;]<\/p>\n","protected":false},"author":1,"featured_media":16998,"comment_status":"closed","ping_status":"closed","sticky":false,"template":"","format":"standard","meta":{"footnotes":""},"categories":[6],"tags":[197],"class_list":{"0":"post-16997","1":"post","2":"type-post","3":"status-publish","4":"format-standard","5":"has-post-thumbnail","7":"category-chaco","8":"tag-destacada"},"_links":{"self":[{"href":"https:\/\/chacosintesis.com.ar\/index.php\/wp-json\/wp\/v2\/posts\/16997","targetHints":{"allow":["GET"]}}],"collection":[{"href":"https:\/\/chacosintesis.com.ar\/index.php\/wp-json\/wp\/v2\/posts"}],"about":[{"href":"https:\/\/chacosintesis.com.ar\/index.php\/wp-json\/wp\/v2\/types\/post"}],"author":[{"embeddable":true,"href":"https:\/\/chacosintesis.com.ar\/index.php\/wp-json\/wp\/v2\/users\/1"}],"replies":[{"embeddable":true,"href":"https:\/\/chacosintesis.com.ar\/index.php\/wp-json\/wp\/v2\/comments?post=16997"}],"version-history":[{"count":0,"href":"https:\/\/chacosintesis.com.ar\/index.php\/wp-json\/wp\/v2\/posts\/16997\/revisions"}],"wp:featuredmedia":[{"embeddable":true,"href":"https:\/\/chacosintesis.com.ar\/index.php\/wp-json\/wp\/v2\/media\/16998"}],"wp:attachment":[{"href":"https:\/\/chacosintesis.com.ar\/index.php\/wp-json\/wp\/v2\/media?parent=16997"}],"wp:term":[{"taxonomy":"category","embeddable":true,"href":"https:\/\/chacosintesis.com.ar\/index.php\/wp-json\/wp\/v2\/categories?post=16997"},{"taxonomy":"post_tag","embeddable":true,"href":"https:\/\/chacosintesis.com.ar\/index.php\/wp-json\/wp\/v2\/tags?post=16997"}],"curies":[{"name":"wp","href":"https:\/\/api.w.org\/{rel}","templated":true}]}}