{"id":16984,"date":"2022-08-31T09:39:59","date_gmt":"2022-08-31T12:39:59","guid":{"rendered":"https:\/\/chacosintesis.com.ar\/?p=16984"},"modified":"2022-08-31T10:09:29","modified_gmt":"2022-08-31T13:09:29","slug":"bomberos-realizan-mas-de-10-salidas-diarias-para-sofocar-incendios-en-el-centro-chaqueno","status":"publish","type":"post","link":"https:\/\/chacosintesis.com.ar\/index.php\/bomberos-realizan-mas-de-10-salidas-diarias-para-sofocar-incendios-en-el-centro-chaqueno\/","title":{"rendered":"Bomberos realizan m\u00e1s de 10 salidas diarias para sofocar incendios en el centro chaque\u00f1o"},"content":{"rendered":"<p>Entre el personal voluntario y de la polic\u00eda del Chaco tratan de controlar el fuego en zona urbana y rural. Heladas y poca humedad, &#8220;el combo perfecto&#8221;.<br \/>\n El invierno, con pocos d\u00edas de fr\u00edo, pero con intensas heladas, registra una importante cantidad de focos \u00edgneos en el centro chaque\u00f1o, provocando solamente en Presidencia S\u00e1enz Pe\u00f1a un promedio de doce salidas diarias de las unidades de bomberos voluntarios y de la Polic\u00eda.<\/p>\n<p>La poca humedad ambiente, en el per\u00edodo naturalmente seco que afronta el Chaco en la \u00e9poca invernal, sumado a las heladas de la segunda quincena de agosto y la constante rotaci\u00f3n de los vientos &#8220;son el combo perfecto&#8221; para que el fuego, &#8220;generalmente intencional&#8221;, arrase con todo lo que encuentra a su paso. Los incendios son diarios y obligan a la salida de las unidades de bomberos varias veces al d\u00eda. En las \u00faltimas jornadas &#8220;el promedio de intervenciones alcanzan la docena&#8221;, entre las seis actuaciones que promedia el cuartel de bomberos voluntarios &#8220;Pedro Gim\u00e9nez&#8221; y otras tantas a las que responde la unidad bomberil local de la Polic\u00eda del Chaco.<br \/>\n&#8220;Son doce salidas diarias en Presidencia Roque S\u00e1enz Pe\u00f1a lo que es demasiado, siendo lo m\u00e1s grave que el 99 por ciento es fuego intencional, lo que genera mucha bronca e indignaci\u00f3n por la falta de responsabilidad con respecto a la quema que tienen algunos pocos vecinos perjudicando a muchos otros ciudadanos de bien&#8221;, refiri\u00f3 Pedro Gim\u00e9nez,  presidente de la asociaci\u00f3n civil de bomberos voluntarios de la Ciudad Termal.<br \/>\nALTO COSTO<br \/>\nLas intervenciones de las unidades de bomberos vienen ocurriendo tanto en el sector urbanizado como en la zona de campo. En particular, &#8220;desde bomberos voluntarios en los \u00faltimos tres d\u00edas las actuaciones fueron prioritariamente en zona rural, lo que demanda una carga de trabajo elevad\u00edsima y un presupuesto alto&#8221;.<br \/>\n En lo referido a los costos, &#8220;los focos \u00edgneos en el \u00e1rea rural implican mucho gasto por el valor del combustible y no hay previsi\u00f3n econ\u00f3mica que se pueda realizar con un presupuesto muy fr\u00e1gil que, en un su mayor porcentaje, depende del aporte solidario de los vecinos de S\u00e1enz Pe\u00f1a que, como todos, viven el d\u00eda a d\u00eda&#8221;. &#8220;Tener un resguardo de dinero, con una previsi\u00f3n de gastos, es imposible porque la econom\u00eda de todas las familias es muy fr\u00e1gil y eso tambi\u00e9n afecta el aporte que los ciudadanos voluntarios puedan realizar al cuartel&#8221;, explic\u00f3 Pedro Gim\u00e9nez.<br \/>\n&#8220;Estamos al borde de limitar las salidas fuera de la ciudad porque se nos hace insostenible costear el combustible y asumir los gastos de roturas que se puedan generar por las intervenciones en grandes incendios, como nos ocurri\u00f3 d\u00edas pasados que se aver\u00edo una de las cubiertas del cami\u00f3n que tiene un valor de 200 mil pesos&#8221;, detall\u00f3 el referente de los bomberos voluntarios de S\u00e1enz Pe\u00f1a. En este sentido, agreg\u00f3 que &#8220;en los casos que se observe que no hay responsabilidad del propietario en mantener sus predios limpios o realizar los corta fuegos, siempre que no exista riesgo de vida o est\u00e9 en peligro una vivienda, deberemos dejar que las llamas consuman el material&#8221;.<br \/>\nNECESARIAS VOLUNTADES<br \/>\nLo contradictorio de los incendios es que por un lado unos pocos ciudadanos inconscientes generan fuego y por el otro muchos otros solidarios ayudan a que las autobombas de los voluntarios sigan operativas con el aporte de dinero &#8220;de sus bolsillos&#8221;.<br \/>\n&#8220;En los \u00faltimos eventos estuvimos a punto de perder la operatividad por falta de combustible pero gracias a un par de aportes, los tanques pudieron cargarse y as\u00ed salir a combatir el fuego&#8221;, reconoci\u00f3 Pedro Gim\u00e9nez. &#8220;Los vecinos que aportan econ\u00f3micamente piensan en los dem\u00e1s y ser\u00eda bueno que los que inician las quemas tambi\u00e9n piensen en los dem\u00e1s&#8221;, remarc\u00f3 finalmente.<br \/>\nPeligroso ego\u00edsmo<br \/>\nS\u00c1ENZ PE\u00d1A (Agencia) \u2013 La inconsciencia de &#8220;algunos&#8221; al momento de realizar quemas tiene ejemplos diarios y as\u00ed lo reflejan las diarias experiencias de los bomberos que intervienen ante cada foco \u00edgneo.<br \/>\nEn esta semana, &#8220;el colmo de la incoherencia fue llegar a sofocar un incendio en el barrio San Cayetano y que el vecino no permitiera la intervenci\u00f3n de los bomberos, impidiendo que el fuego se apague&#8221;. &#8220;Ante el llamado de los vecinos del barrio, cansados de las diarias situaciones, la unidad concurri\u00f3 pero un ciudadano impidi\u00f3 la actuaci\u00f3n ya que \u00e9l dec\u00eda que lo estaba controlando, pero es irracional que act\u00faen as\u00ed ante el cr\u00edtico panorama que se atraviesa por la sequ\u00eda existente&#8221;, relat\u00f3 Pedro Gim\u00e9nez, ejemplificando las &#8220;ego\u00edstas&#8221; posiciones de &#8220;unos pocos que perjudican a muchos&#8221;.<br \/>\n&#8220;Los vecinos del San Cayetano est\u00e1n hartos de este problema y no existe control alguno que evite que las quemas intencionales se realicen lo que provoca muchos inconvenientes porque no solamente es peligroso el fuego que se puede descontrolar, sino tambi\u00e9n el ambiente se contamina y afecta la salud de los habitantes del lugar&#8221;, agreg\u00f3.<\/p>\n<p>DIARIO NORTE.-<\/p>\n","protected":false},"excerpt":{"rendered":"<p>Entre el personal voluntario y de la polic\u00eda del Chaco tratan de controlar el fuego en zona urbana y rural. Heladas y poca humedad, &#8220;el combo perfecto&#8221;. El invierno, con pocos d\u00edas de fr\u00edo, pero con intensas heladas, registra una importante cantidad de focos \u00edgneos en el centro chaque\u00f1o, provocando solamente en Presidencia S\u00e1enz Pe\u00f1a [&hellip;]<\/p>\n","protected":false},"author":1,"featured_media":16985,"comment_status":"closed","ping_status":"closed","sticky":false,"template":"","format":"standard","meta":{"footnotes":""},"categories":[6],"tags":[],"class_list":{"0":"post-16984","1":"post","2":"type-post","3":"status-publish","4":"format-standard","5":"has-post-thumbnail","7":"category-chaco"},"_links":{"self":[{"href":"https:\/\/chacosintesis.com.ar\/index.php\/wp-json\/wp\/v2\/posts\/16984","targetHints":{"allow":["GET"]}}],"collection":[{"href":"https:\/\/chacosintesis.com.ar\/index.php\/wp-json\/wp\/v2\/posts"}],"about":[{"href":"https:\/\/chacosintesis.com.ar\/index.php\/wp-json\/wp\/v2\/types\/post"}],"author":[{"embeddable":true,"href":"https:\/\/chacosintesis.com.ar\/index.php\/wp-json\/wp\/v2\/users\/1"}],"replies":[{"embeddable":true,"href":"https:\/\/chacosintesis.com.ar\/index.php\/wp-json\/wp\/v2\/comments?post=16984"}],"version-history":[{"count":0,"href":"https:\/\/chacosintesis.com.ar\/index.php\/wp-json\/wp\/v2\/posts\/16984\/revisions"}],"wp:featuredmedia":[{"embeddable":true,"href":"https:\/\/chacosintesis.com.ar\/index.php\/wp-json\/wp\/v2\/media\/16985"}],"wp:attachment":[{"href":"https:\/\/chacosintesis.com.ar\/index.php\/wp-json\/wp\/v2\/media?parent=16984"}],"wp:term":[{"taxonomy":"category","embeddable":true,"href":"https:\/\/chacosintesis.com.ar\/index.php\/wp-json\/wp\/v2\/categories?post=16984"},{"taxonomy":"post_tag","embeddable":true,"href":"https:\/\/chacosintesis.com.ar\/index.php\/wp-json\/wp\/v2\/tags?post=16984"}],"curies":[{"name":"wp","href":"https:\/\/api.w.org\/{rel}","templated":true}]}}