{"id":16978,"date":"2022-08-31T09:17:41","date_gmt":"2022-08-31T12:17:41","guid":{"rendered":"https:\/\/chacosintesis.com.ar\/?p=16978"},"modified":"2022-08-31T09:36:46","modified_gmt":"2022-08-31T12:36:46","slug":"fue-a-pedir-ayuda-porque-su-marido-la-agredio-y-termino-denunciando-por-abuso-a-dos-policias","status":"publish","type":"post","link":"https:\/\/chacosintesis.com.ar\/index.php\/fue-a-pedir-ayuda-porque-su-marido-la-agredio-y-termino-denunciando-por-abuso-a-dos-policias\/","title":{"rendered":"Fue a pedir ayuda porque su marido la agredi\u00f3 y termin\u00f3 denunciando por abuso a dos polic\u00edas"},"content":{"rendered":"<p>Los uniformados son de la sexta de la ciudad termal. La v\u00edctima hab\u00eda concurrido a denunciar a su pareja. El OCI intervino y suspendi\u00f3 a los acusados, que fueron detenidos.<br \/>\n Nuevamente la Polic\u00eda del Chaco se ve envuelta en un grave caso que en estos momentos se encuentra en plena investigaci\u00f3n interna y judicial, a ra\u00edz de la denuncia efectuada por una v\u00edctima de violencia de g\u00e9nero que acus\u00f3 a dos agentes de una comisar\u00eda de S\u00e1enz Pe\u00f1a de haber abusado de ella sexualmente dentro de un m\u00f3vil de la fuerza.<\/p>\n<p>NORTE pudo acceder a un documento del \u00d3rgano de Control Institucional de la Polic\u00eda del Chaco que da cuenta de la intervenci\u00f3n por el hecho presuntamente ocurrido el 27 de agosto, seg\u00fan la denuncia por \u2018supuesto abuso sexual\u2018 contra dos efectivos de la instituci\u00f3n que recay\u00f3 en la fiscal\u00eda de investigaci\u00f3n 4, a cargo de Gustavo Valero.<br \/>\nLa denuncia genera escozor ya que, de comprobarse su veracidad, la v\u00edctima sufri\u00f3 un doble ultraje: primero por violencia de g\u00e9nero de su pareja y, luego, el presunto abuso por parte de quienes deb\u00edan protegerla.<br \/>\nSeg\u00fan la exposici\u00f3n realizada por la v\u00edctima en la Divisi\u00f3n Atenci\u00f3n a la Mujer, durante los primeros minutos del s\u00e1bado 27 concurri\u00f3 a la Comisar\u00eda Sexta de S\u00e1enz Pe\u00f1a porque su expareja la habr\u00eda agredido. En dicha dependencia policial efectu\u00f3 la denuncia contra el sujeto y \u2018posteriormente fue trasladada al Servicio de Medicina Legal\u2018 para ser examinada por un m\u00e9dico de la instituci\u00f3n, tras lo cual \u2018regresaron la Comisar\u00eda\u2018, se\u00f1ala el OCI.<br \/>\nTerminado el tr\u00e1mite, indica el documento, por orden de un polic\u00eda \u2018otros dos uniformados procedieron a llevar a la v\u00edctima hasta su domicilio\u2018, sin embargo la mujer not\u00f3 que el conductor tom\u00f3 un camino incorrecto y al preguntarle d\u00f3nde se dirig\u00eda le respondi\u00f3: \u2018a descansar un rato hasta que ella se despabile\u2018.<br \/>\nLuego, al estacionarse el m\u00f3vil, se habr\u00eda producido el presunto abuso denunciado por la mujer, tras lo cual la llevaron a su casa y se fueron.<br \/>\nEfectuada la denuncia, la mujer fue examinada en el hospital local, tom\u00e1ndose muestras conforme al protocolo de v\u00edctimas de abuso sexual.<br \/>\nEn esa instancia tom\u00f3 intervenci\u00f3n el OCI que, entre otras medidas, solicit\u00f3 informe de geo posicionamiento del m\u00f3vil policial en que se habr\u00eda producido el hecho y design\u00f3 una comisi\u00f3n investigadora para que acusa a S\u00e1enz Pe\u00f1a.<br \/>\nEsta comisi\u00f3n, como primera medida sobre campo, procedi\u00f3 a la suspensi\u00f3n de un cabo primero y un cabo, los uniformados presuntamente involucrados en el grave hecho denunciado, sanci\u00f3n que supone adem\u00e1s la retenci\u00f3n de haberes.<br \/>\nAsimismo ambos fueron detenidos por orden del fiscal Valero.<br \/>\n DIARIO NORTE.-<\/p>\n","protected":false},"excerpt":{"rendered":"<p>Los uniformados son de la sexta de la ciudad termal. La v\u00edctima hab\u00eda concurrido a denunciar a su pareja. El OCI intervino y suspendi\u00f3 a los acusados, que fueron detenidos. Nuevamente la Polic\u00eda del Chaco se ve envuelta en un grave caso que en estos momentos se encuentra en plena investigaci\u00f3n interna y judicial, a [&hellip;]<\/p>\n","protected":false},"author":1,"featured_media":16979,"comment_status":"closed","ping_status":"closed","sticky":false,"template":"","format":"standard","meta":{"footnotes":""},"categories":[6],"tags":[197],"class_list":{"0":"post-16978","1":"post","2":"type-post","3":"status-publish","4":"format-standard","5":"has-post-thumbnail","7":"category-chaco","8":"tag-destacada"},"_links":{"self":[{"href":"https:\/\/chacosintesis.com.ar\/index.php\/wp-json\/wp\/v2\/posts\/16978","targetHints":{"allow":["GET"]}}],"collection":[{"href":"https:\/\/chacosintesis.com.ar\/index.php\/wp-json\/wp\/v2\/posts"}],"about":[{"href":"https:\/\/chacosintesis.com.ar\/index.php\/wp-json\/wp\/v2\/types\/post"}],"author":[{"embeddable":true,"href":"https:\/\/chacosintesis.com.ar\/index.php\/wp-json\/wp\/v2\/users\/1"}],"replies":[{"embeddable":true,"href":"https:\/\/chacosintesis.com.ar\/index.php\/wp-json\/wp\/v2\/comments?post=16978"}],"version-history":[{"count":0,"href":"https:\/\/chacosintesis.com.ar\/index.php\/wp-json\/wp\/v2\/posts\/16978\/revisions"}],"wp:featuredmedia":[{"embeddable":true,"href":"https:\/\/chacosintesis.com.ar\/index.php\/wp-json\/wp\/v2\/media\/16979"}],"wp:attachment":[{"href":"https:\/\/chacosintesis.com.ar\/index.php\/wp-json\/wp\/v2\/media?parent=16978"}],"wp:term":[{"taxonomy":"category","embeddable":true,"href":"https:\/\/chacosintesis.com.ar\/index.php\/wp-json\/wp\/v2\/categories?post=16978"},{"taxonomy":"post_tag","embeddable":true,"href":"https:\/\/chacosintesis.com.ar\/index.php\/wp-json\/wp\/v2\/tags?post=16978"}],"curies":[{"name":"wp","href":"https:\/\/api.w.org\/{rel}","templated":true}]}}