{"id":16962,"date":"2022-08-29T21:02:43","date_gmt":"2022-08-30T00:02:43","guid":{"rendered":"https:\/\/chacosintesis.com.ar\/?p=16962"},"modified":"2022-08-29T21:02:44","modified_gmt":"2022-08-30T00:02:44","slug":"pampa-del-infierno-el-poder-legislativo-comenzo-con-los-preparativos-para-una-nueva-edicion-de-sesionemos-juntos","status":"publish","type":"post","link":"https:\/\/chacosintesis.com.ar\/index.php\/pampa-del-infierno-el-poder-legislativo-comenzo-con-los-preparativos-para-una-nueva-edicion-de-sesionemos-juntos\/","title":{"rendered":"Pampa del Infierno: el Poder Legislativo comenz\u00f3 con los preparativos para una nueva edici\u00f3n de Sesionemos Juntos"},"content":{"rendered":"\n<p>Este mi\u00e9rcoles el Poder Legislativo vuelve al interior con el programa Sesionemos Juntos. Las y los diputados provinciales se reunir\u00e1n, a las 14, en la Escuela de Educaci\u00f3n Primaria N\u00ba 111 Juan Bautista Ter\u00e1n, de Pampa del Infierno.<\/p>\n\n\n\n<p><br>Encabezada por la presidenta Elida Cuesta y acompa\u00f1ada por las y los legisladores de diferentes bloques pol\u00edticos, la agenda legislativa en la localidad comenzar\u00e1 este martes con recorridas por el sector productivo, como ser la desmotadora de algod\u00f3n Agro Servicios SA, frigor\u00edfico caprino Trento Chaque\u00f1o, Pampa Semillas SRL (semillas gen\u00e9ticas) y la planta de acopio Semillas Avellaneda, adem\u00e1s de charlas con las y los vecinos.<\/p>\n\n\n\n<p><\/p>\n\n\n\n<p>Labor parlamentaria<br>En la sesi\u00f3n del mi\u00e9rcoles se tratar\u00e1 un temario de diez puntos, que incluye las declaraciones como patrimonio hist\u00f3rico y cultural al edificio municipal de Pampa del Infierno; la excooperativa Ideal (actual sede de Bomberos Voluntarios) y el Primer Edificio de la Escuela N\u00b0 111 en su centenario.<\/p>\n\n\n\n<p><br>Adem\u00e1s, se tratar\u00eda un proyecto de resoluci\u00f3n que solicita incluir en el plan de obras viales de la provincia la pavimentaci\u00f3n de la ruta 5, tramo desde Pampa del Infierno a Juan Jos\u00e9 Castelli, autor\u00eda del bloque radical.<\/p>\n\n\n\n<p><br>Tambi\u00e9n abordar\u00e1n proyectos de las diputadas Claudia Panzardi y Andrea Charole para lograr modificaciones al R\u00e9gimen de Licencias y Permisos para la Administraci\u00f3n P\u00fablica Ley N\u00b0 645- A.<\/p>\n\n\n\n<p><br>Otra de las tem\u00e1ticas a tratar es la obligatoriedad de la educaci\u00f3n ambiental y la ense\u00f1anza de los contenidos relacionados con el fen\u00f3meno del calentamiento global y el cambio clim\u00e1tico en todos los establecimientos educativos primarios y secundarios de gesti\u00f3n p\u00fablica y privada de la provincia; despacho que recoge iniciativas de legisladoras y legisladores de todas las bancadas y del Poder Ejecutivo.<\/p>\n\n\n\n<p><br>El temario propuesto incluye la aplicaci\u00f3n obligatoria, ante el caso de fallecimientos perinatales, de la Gu\u00eda de Acompa\u00f1amiento para la Atenci\u00f3n de Duelos Perinatales y Neonatales, iniciativa impulsada por las diputadas Silvina Canteros Reiser, D\u00e9bora Soledad Cardozo, Elida Cuesta y Alicia Digiuni.<\/p>\n\n\n\n<p><br>Finalmente, ser\u00e1n tratadas ratificaciones de decretos del Poder Ejecutivo que establecen adicionales remunerativos para personal de la Fiscal\u00eda de Estado, Tribunal de Cuentas, y magistrados, funcionarios y personal judicial.<\/p>\n","protected":false},"excerpt":{"rendered":"<p>Este mi\u00e9rcoles el Poder Legislativo vuelve al interior con el programa Sesionemos Juntos. Las y los diputados provinciales se reunir\u00e1n, a las 14, en la Escuela de Educaci\u00f3n Primaria N\u00ba 111 Juan Bautista Ter\u00e1n, de Pampa del Infierno. Encabezada por la presidenta Elida Cuesta y acompa\u00f1ada por las y los legisladores de diferentes bloques pol\u00edticos, [&hellip;]<\/p>\n","protected":false},"author":1,"featured_media":16963,"comment_status":"closed","ping_status":"closed","sticky":false,"template":"","format":"standard","meta":{"footnotes":""},"categories":[6],"tags":[],"class_list":{"0":"post-16962","1":"post","2":"type-post","3":"status-publish","4":"format-standard","5":"has-post-thumbnail","7":"category-chaco"},"_links":{"self":[{"href":"https:\/\/chacosintesis.com.ar\/index.php\/wp-json\/wp\/v2\/posts\/16962","targetHints":{"allow":["GET"]}}],"collection":[{"href":"https:\/\/chacosintesis.com.ar\/index.php\/wp-json\/wp\/v2\/posts"}],"about":[{"href":"https:\/\/chacosintesis.com.ar\/index.php\/wp-json\/wp\/v2\/types\/post"}],"author":[{"embeddable":true,"href":"https:\/\/chacosintesis.com.ar\/index.php\/wp-json\/wp\/v2\/users\/1"}],"replies":[{"embeddable":true,"href":"https:\/\/chacosintesis.com.ar\/index.php\/wp-json\/wp\/v2\/comments?post=16962"}],"version-history":[{"count":0,"href":"https:\/\/chacosintesis.com.ar\/index.php\/wp-json\/wp\/v2\/posts\/16962\/revisions"}],"wp:featuredmedia":[{"embeddable":true,"href":"https:\/\/chacosintesis.com.ar\/index.php\/wp-json\/wp\/v2\/media\/16963"}],"wp:attachment":[{"href":"https:\/\/chacosintesis.com.ar\/index.php\/wp-json\/wp\/v2\/media?parent=16962"}],"wp:term":[{"taxonomy":"category","embeddable":true,"href":"https:\/\/chacosintesis.com.ar\/index.php\/wp-json\/wp\/v2\/categories?post=16962"},{"taxonomy":"post_tag","embeddable":true,"href":"https:\/\/chacosintesis.com.ar\/index.php\/wp-json\/wp\/v2\/tags?post=16962"}],"curies":[{"name":"wp","href":"https:\/\/api.w.org\/{rel}","templated":true}]}}