{"id":16956,"date":"2022-08-29T18:49:16","date_gmt":"2022-08-29T21:49:16","guid":{"rendered":"https:\/\/chacosintesis.com.ar\/?p=16956"},"modified":"2022-08-29T19:07:07","modified_gmt":"2022-08-29T22:07:07","slug":"la-legislatura-tratara-diez-puntos-en-la-sesion-itinerante-de-pampa-del-infierno","status":"publish","type":"post","link":"https:\/\/chacosintesis.com.ar\/index.php\/la-legislatura-tratara-diez-puntos-en-la-sesion-itinerante-de-pampa-del-infierno\/","title":{"rendered":"La Legislatura tratar\u00e1 diez puntos en la sesi\u00f3n itinerante de Pampa del Infierno"},"content":{"rendered":"<p>La jornada tendr\u00e1 lugar este mi\u00e9rcoles 31. Encabezan el temario las declaraciones como Patrimonio Hist\u00f3rico y Cultural del Edificio Municipal de Pampa del Infierno;  la exCooperativa IDEAL (actual sede de Bomberos Voluntarios) y el Primer Edificio de la Escuela N\u00b0 111 en su centenario.<\/p>\n<p>Las normas destinadas a valorizar el patrimonio hist\u00f3rico local ser\u00e1n los primeros temas a tratar en la sesi\u00f3n legislativa a realizarse este mi\u00e9rcoles 31 de Agosto en la EEP N\u00ba 111 \u201cJuan Bautista Ter\u00e1n\u201d de Pampa del Infierno, en el marco del programa \u201cSesionemos Juntos\u201d del Poder Legislativo del Chaco. Encabezan el temario las declaraciones como Patrimonio Hist\u00f3rico y Cultural del Edificio Municipal de Pampa del Infierno; la exCooperativa IDEAL (actual sede de Bomberos Voluntarios) y el Primer Edificio de la Escuela N\u00b0 111 en su centenario.<br \/>\nAdem\u00e1s, se tratar\u00eda un proyecto de resoluci\u00f3n que solicita se incluya en el Plan de Obras Viales de la Provincia la pavimentaci\u00f3n de la Ruta 5 tramo desde Pampa del infierno a Juan Jos\u00e9 Castelli, autor\u00eda del Bloque Radical. Tambi\u00e9n se abordar\u00e1n proyectos de las diputadas Claudia Panzardi y Andrea Charole que introducen modificaciones al R\u00e9gimen de Licencias y Permisos para la Administraci\u00f3n P\u00fablica Ley 645- A.<br \/>\nOtra de las tem\u00e1ticas a tratar es la obligatoriedad de la Educaci\u00f3n Ambiental, y la ense\u00f1anza de los contenidos relacionados con el fen\u00f3meno del calentamiento global y cambios clim\u00e1ticos en todos los establecimientos educativos primarios y secundarios de gesti\u00f3n p\u00fablica y privada de nuestra Provincia; despacho que recoge iniciativas de legisladores de todas las bancadas y del Poder Ejecutivo.<br \/>\nEl temario propuesto incluye la aplicaci\u00f3n obligatoria ante el caso de fallecimientos perinatales de la \u201cGu\u00eda de Acompa\u00f1amiento Para la Atenci\u00f3n de Duelos Perinatales y Neonatales\u201d, iniciativa impulsada por las diputadas Silvina Canteros Reiser, D\u00e9bora Soledad Cardozo, Lidia Elida Cuesta y Alicia Digiuni. Finalmente, se tratar\u00e1n ratificaciones de decretos del Poder Ejecutivo que establecen adicionales remunerativos para personal de la Fiscal\u00eda de Estado; Tribunal de Cuentas; y magistrados, funcionarios y personal judicial.<\/p>\n","protected":false},"excerpt":{"rendered":"<p>La jornada tendr\u00e1 lugar este mi\u00e9rcoles 31. Encabezan el temario las declaraciones como Patrimonio Hist\u00f3rico y Cultural del Edificio Municipal de Pampa del Infierno; la exCooperativa IDEAL (actual sede de Bomberos Voluntarios) y el Primer Edificio de la Escuela N\u00b0 111 en su centenario. Las normas destinadas a valorizar el patrimonio hist\u00f3rico local ser\u00e1n los [&hellip;]<\/p>\n","protected":false},"author":1,"featured_media":16957,"comment_status":"closed","ping_status":"closed","sticky":false,"template":"","format":"standard","meta":{"footnotes":""},"categories":[6],"tags":[],"class_list":{"0":"post-16956","1":"post","2":"type-post","3":"status-publish","4":"format-standard","5":"has-post-thumbnail","7":"category-chaco"},"_links":{"self":[{"href":"https:\/\/chacosintesis.com.ar\/index.php\/wp-json\/wp\/v2\/posts\/16956","targetHints":{"allow":["GET"]}}],"collection":[{"href":"https:\/\/chacosintesis.com.ar\/index.php\/wp-json\/wp\/v2\/posts"}],"about":[{"href":"https:\/\/chacosintesis.com.ar\/index.php\/wp-json\/wp\/v2\/types\/post"}],"author":[{"embeddable":true,"href":"https:\/\/chacosintesis.com.ar\/index.php\/wp-json\/wp\/v2\/users\/1"}],"replies":[{"embeddable":true,"href":"https:\/\/chacosintesis.com.ar\/index.php\/wp-json\/wp\/v2\/comments?post=16956"}],"version-history":[{"count":0,"href":"https:\/\/chacosintesis.com.ar\/index.php\/wp-json\/wp\/v2\/posts\/16956\/revisions"}],"wp:featuredmedia":[{"embeddable":true,"href":"https:\/\/chacosintesis.com.ar\/index.php\/wp-json\/wp\/v2\/media\/16957"}],"wp:attachment":[{"href":"https:\/\/chacosintesis.com.ar\/index.php\/wp-json\/wp\/v2\/media?parent=16956"}],"wp:term":[{"taxonomy":"category","embeddable":true,"href":"https:\/\/chacosintesis.com.ar\/index.php\/wp-json\/wp\/v2\/categories?post=16956"},{"taxonomy":"post_tag","embeddable":true,"href":"https:\/\/chacosintesis.com.ar\/index.php\/wp-json\/wp\/v2\/tags?post=16956"}],"curies":[{"name":"wp","href":"https:\/\/api.w.org\/{rel}","templated":true}]}}