{"id":16913,"date":"2022-08-25T09:29:40","date_gmt":"2022-08-25T12:29:40","guid":{"rendered":"https:\/\/chacosintesis.com.ar\/?p=16913"},"modified":"2022-08-25T09:36:48","modified_gmt":"2022-08-25T12:36:48","slug":"diversas-actividades-del-gobernador-en-castelli-y-villa-rio-bermejito","status":"publish","type":"post","link":"https:\/\/chacosintesis.com.ar\/index.php\/diversas-actividades-del-gobernador-en-castelli-y-villa-rio-bermejito\/","title":{"rendered":"Diversas actividades del gobernador en Castelli y Villa R\u00edo Bermejito"},"content":{"rendered":"<p>El gobernador Jorge Capitanich desarrollar\u00e1 una diversa agenda este jueves 25 de agosto en el Norte provincial. Luego de estar este mi\u00e9rcoles 24 en distintas zonas de El Sauzalito, las actividades de ma\u00f1ana se centrar\u00e1n en jurisdicci\u00f3n de Castelli, donde entregar\u00e1 t\u00edtulos de propiedad de la tierra e inaugurar\u00e1 obras de electrificaci\u00f3n rural; como as\u00ed tambi\u00e9n en Villa R\u00edo Bermejito oportunidad en la que recorrer\u00e1 las obras del \u00faltimo tramo del acueducto y finalmente estar\u00e1 en la Escuela 1038 del Lote 39.<br \/>\nEn la primera de las actividades, desde las 9, el mandatario provincial y la vicegobernadora Anal\u00eda Rach Quiroga entregar\u00e1n t\u00edtulos de propiedad de la tierra. Esta entrega permite cerrar una etapa, garantizando la seguridad jur\u00eddica en el acceso a la tierra, a trav\u00e9s del correspondiente t\u00edtulo de propiedad, permitiendo la continuidad de las generaciones futuras en la tierra.<br \/>\nLuego, desde las 9,30, el titular del Ejecutivo provincial junto a la vicegobernadora Anal\u00eda Rach Quiroga y al jefe comunal de Castelli, P\u00edo Sander inaugurar\u00e1n obras de Electrificaci\u00f3n Rural.<br \/>\n\u00daltimo tramo del acueducto y escuela<br \/>\nJunto a referentes de Sameep, desde las 10,30 aproximadamente, Capitanich y su comitiva har\u00e1n una recorrida de obra del \u00faltimo tramo del acueducto, obras que demandan una inversi\u00f3n de $ 100.448.351,00 y que actualmente tienen un avance del 80%. Con el incremento en la producci\u00f3n y distribuci\u00f3n de agua que se podr\u00e1 lograr con la realizaci\u00f3n de estas obras, permitir\u00e1 solucionar el problema de falta de agua que actualmente afecta tanto al servicio de Villa Rio Bermejito como as\u00ed tambi\u00e9n el de la localidad de El Espinillo y parajes vecinos. A su vez, la posibilidad de poder proyectar nuevas derivaciones en la traza del acueducto y as\u00ed poder llegar a muchas comunidades originarias.<br \/>\nFinalmente, desde las 11, estar\u00e1 en la Escuela 1038 del Lote 39, jurisdicci\u00f3n de Villa R\u00edo Bermejito.<\/p>\n","protected":false},"excerpt":{"rendered":"<p>El gobernador Jorge Capitanich desarrollar\u00e1 una diversa agenda este jueves 25 de agosto en el Norte provincial. Luego de estar este mi\u00e9rcoles 24 en distintas zonas de El Sauzalito, las actividades de ma\u00f1ana se centrar\u00e1n en jurisdicci\u00f3n de Castelli, donde entregar\u00e1 t\u00edtulos de propiedad de la tierra e inaugurar\u00e1 obras de electrificaci\u00f3n rural; como as\u00ed [&hellip;]<\/p>\n","protected":false},"author":1,"featured_media":16914,"comment_status":"closed","ping_status":"closed","sticky":false,"template":"","format":"standard","meta":{"footnotes":""},"categories":[6],"tags":[],"class_list":{"0":"post-16913","1":"post","2":"type-post","3":"status-publish","4":"format-standard","5":"has-post-thumbnail","7":"category-chaco"},"_links":{"self":[{"href":"https:\/\/chacosintesis.com.ar\/index.php\/wp-json\/wp\/v2\/posts\/16913","targetHints":{"allow":["GET"]}}],"collection":[{"href":"https:\/\/chacosintesis.com.ar\/index.php\/wp-json\/wp\/v2\/posts"}],"about":[{"href":"https:\/\/chacosintesis.com.ar\/index.php\/wp-json\/wp\/v2\/types\/post"}],"author":[{"embeddable":true,"href":"https:\/\/chacosintesis.com.ar\/index.php\/wp-json\/wp\/v2\/users\/1"}],"replies":[{"embeddable":true,"href":"https:\/\/chacosintesis.com.ar\/index.php\/wp-json\/wp\/v2\/comments?post=16913"}],"version-history":[{"count":0,"href":"https:\/\/chacosintesis.com.ar\/index.php\/wp-json\/wp\/v2\/posts\/16913\/revisions"}],"wp:featuredmedia":[{"embeddable":true,"href":"https:\/\/chacosintesis.com.ar\/index.php\/wp-json\/wp\/v2\/media\/16914"}],"wp:attachment":[{"href":"https:\/\/chacosintesis.com.ar\/index.php\/wp-json\/wp\/v2\/media?parent=16913"}],"wp:term":[{"taxonomy":"category","embeddable":true,"href":"https:\/\/chacosintesis.com.ar\/index.php\/wp-json\/wp\/v2\/categories?post=16913"},{"taxonomy":"post_tag","embeddable":true,"href":"https:\/\/chacosintesis.com.ar\/index.php\/wp-json\/wp\/v2\/tags?post=16913"}],"curies":[{"name":"wp","href":"https:\/\/api.w.org\/{rel}","templated":true}]}}