{"id":16909,"date":"2022-08-25T09:27:29","date_gmt":"2022-08-25T12:27:29","guid":{"rendered":"https:\/\/chacosintesis.com.ar\/?p=16909"},"modified":"2022-08-25T09:36:44","modified_gmt":"2022-08-25T12:36:44","slug":"alberto-fernandez-nisman-se-suicido-espero-que-luciani-no-haga-algo-asi","status":"publish","type":"post","link":"https:\/\/chacosintesis.com.ar\/index.php\/alberto-fernandez-nisman-se-suicido-espero-que-luciani-no-haga-algo-asi\/","title":{"rendered":"Alberto Fern\u00e1ndez: &#8220;Nisman se suicid\u00f3; espero que Luciani no haga algo as\u00ed&#8221;"},"content":{"rendered":"<p>Lo dijo en una entrevista televisiva al referirse al pedido de la Corte para reforzar la seguridad de jueces y fiscales que investigan a la vicepresidenta. Afirm\u00f3 que Cristina \u201cno quiere un indulto\u201d y \u201cno cometi\u00f3 ninguno delito\u201d.<br \/>\n<iframe loading=\"lazy\" title=\"&quot;NISMAN SE SUICID\u00d3 Y ESPERO QUE LUCIANI NO HAGA ALGO PARECIDO&quot;: Alberto Fern\u00e1ndez en A2V\" width=\"1170\" height=\"658\" src=\"https:\/\/www.youtube.com\/embed\/eV0i63UM7m0?feature=oembed\" frameborder=\"0\" allow=\"accelerometer; autoplay; clipboard-write; encrypted-media; gyroscope; picture-in-picture; web-share\" allowfullscreen><\/iframe><br \/>\nEl presidente Alberto Fern\u00e1ndez remarc\u00f3 este mi\u00e9rcoles a la noche que el fiscal &#8220;Alberto Nisman se suicid\u00f3&#8221; y solicit\u00f3 que su colega Diego Luciani &#8220;no haga algo parecido&#8221;, cuando se refiri\u00f3 a la \u201cCausa Vialidad\u201d y a su pedido de 12 a\u00f1os de prisi\u00f3n para la vicepresidenta Cristina Kirchner.<br \/>\nLas palabras del mandatario nacional se dieron en una entrevista en el canal Todo Noticias (TN), cuando le mencionaron que la Corte Suprema de Justicia (CJS) pidi\u00f3 &#8220;que se refuerce la seguridad sobre jueces y fiscales&#8221;.<br \/>\nEn primera instancia, el jefe de Estado, indic\u00f3 sobre Luciani: &#8220;Le recomendar\u00eda leer tratados de derecho penal. Por mucho que grite \u2018justicia o corrupci\u00f3n\u2019, lo \u00fanico que hizo fue decir un sinf\u00edn de disparates&#8221;.<br \/>\n Luego, subray\u00f3 nuevamente que lo hecho por Luciani le &#8220;pareci\u00f3 de una debilidad jur\u00eddica asombrosa&#8221;, al mismo tiempo que a\u00f1adi\u00f3: &#8220;Espero que la Justicia reencause esta situaci\u00f3n&#8221;.<br \/>\nLa defensa de Alberto Fern\u00e1ndez a Cristina Kirchner<br \/>\nEl presidente Alberto Fern\u00e1ndez afirm\u00f3 este mi\u00e9rcoles a la noche que la vicepresidenta Cristina Kirchner es &#8220;la que no quiere un indulto&#8221; y destac\u00f3 que la ex mandataria &#8220;no cometi\u00f3 ninguno de los delitos que se le atribuyen&#8221; en la denominada \u201cCausa Vialidad\u201d, luego del pedido de 12 a\u00f1os de prisi\u00f3n e inhabilitaci\u00f3n perpetua para ejercer cargos p\u00fablicos, que realizaron los fiscales Diego Luciani y Sergio Mola.<br \/>\n&#8220;Viniendo para ac\u00e1 vi un tuit de Oscar Parrilli rechazando el indulto, que retuite\u00f3 Cristina. Entonces, llego a entender que la que no quiere un indulto es Cristina&#8221;, enfatiz\u00f3 Fern\u00e1ndez y aclar\u00f3 que &#8220;el indulto es una r\u00e9mora de las monarqu\u00edas&#8221;.<br \/>\n En declaraciones al canal Todo Noticias (TN), el jefe de Estado resalt\u00f3: &#8220;En esta causa, Cristina Kirchner no tiene nada que ver, no tenga ninguna duda. No cometi\u00f3 ninguno de los delitos que se le atribuyen&#8221;.<br \/>\n Alberto Fern\u00e1ndez hizo referencia a que, minutos antes de su entrevista televisiva, la vicepresidenta comparti\u00f3 en su cuenta de Twitter un mensaje en contra del indulto, al republicar un posteo del senador nacional Oscar Parrilli que afirmaba: \u201cPara CFK, ni indulto ni amnist\u00eda: Justicia&#8221;.<\/p>\n<p>Las principales frases del Presidente<br \/>\n&#8211; Es Cristina la que no quiere un indulto.<br \/>\n&#8211; Cristina no cometi\u00f3 ninguno de los delitos que se le atribuyen.<br \/>\n&#8211; Tengo la certeza sobre Cristina, que es una mujer honesta.<br \/>\n&#8211; El peronismo tiene que generar una gran movilizaci\u00f3n para defender la democracia y reclamar una Justicia independiente.<br \/>\n&#8211; No me preocupa que la gente salga a la calle.<br \/>\n&#8211; Hasta ac\u00e1, lo que le pas\u00f3 a Nisman es que se suicid\u00f3. Hasta ac\u00e1, no se prob\u00f3 otra cosa. Espero que no haga algo as\u00ed el fiscal Luciani.<\/p>\n<p>&#8211; Massa trajo calma a los mercados.<br \/>\n&#8211; La corrida cambiaria estuvo motivada por algunos para debilitarnos.<br \/>\n&#8211; La pandemia fue el equivalente a dos holocaustos.<br \/>\n&#8211; La inflaci\u00f3n es multicausal.<br \/>\n&#8211; El Presidente soy yo.<br \/>\n&#8211; La inflaci\u00f3n no naci\u00f3 conmigo.<br \/>\n&#8211; Cristina es peronista.<br \/>\n&#8211; N\u00e9stor dec\u00eda que nos quer\u00edan devaluar diciendo que \u00e9ramos kirchneristas.<br \/>\n&#8211; La reelecci\u00f3n es lo \u00faltimo que estoy pensando en este momento.<br \/>\n No me importa lo que hace Macri.<br \/>\n&#8211; Es obvio que tenemos un problema con la inflaci\u00f3n.<br \/>\n&#8211; Miguel Pesce va a seguir en el BCRA.<br \/>\n&#8211; Quiero estar cerca de Cristina porque la est\u00e1n lastimando injustamente.<br \/>\n&#8211; Tengo una prioridad pol\u00edtica que es mantener unido al Frente de Todos.<br \/>\n&#8211; Nunca estuve peleado con Cristina.<br \/>\n&#8211; No se me pas\u00f3 por la cabeza renunciar.<br \/>\n&#8211; Me felicit\u00f3 el director general de la OMS por lo que Argentina hizo en la pandemia.<br \/>\n&#8211; Argentina sostuvo los sueldos de todos los empelados formales y a los informales los asisti\u00f3 con el IFE.<br \/>\n&#8211; La pandemia nos oblig\u00f3 a un esfuerzo fiscal que hoy se est\u00e1 notando.<br \/>\n&#8211; No cabe ninguna duda de que las jubilaciones son bajas, pero el que m\u00e1s las baj\u00f3 fue Macri.<br \/>\n Milagro Sala no tiene una sentencia firme.<br \/>\n&#8211; A la asociaci\u00f3n il\u00edcita los jueces la regalan como caramelos.<br \/>\n&#8211; Milagro Sala ya lleva un a\u00f1o m\u00e1s de prisi\u00f3n que el m\u00e1ximo de la pena por administraci\u00f3n fraudulenta.<br \/>\n&#8211; Yo no me hablaba con Cristina y ya criticaba esta causa.<br \/>\n&#8211; Es un error judicial estrepitoso involucrar a Cristina en este caso.<br \/>\n CADENA 3.-<\/p>\n","protected":false},"excerpt":{"rendered":"<p>Lo dijo en una entrevista televisiva al referirse al pedido de la Corte para reforzar la seguridad de jueces y fiscales que investigan a la vicepresidenta. Afirm\u00f3 que Cristina \u201cno quiere un indulto\u201d y \u201cno cometi\u00f3 ninguno delito\u201d. El presidente Alberto Fern\u00e1ndez remarc\u00f3 este mi\u00e9rcoles a la noche que el fiscal &#8220;Alberto Nisman se suicid\u00f3&#8221; [&hellip;]<\/p>\n","protected":false},"author":1,"featured_media":16910,"comment_status":"closed","ping_status":"closed","sticky":false,"template":"","format":"standard","meta":{"footnotes":""},"categories":[6],"tags":[197],"class_list":{"0":"post-16909","1":"post","2":"type-post","3":"status-publish","4":"format-standard","5":"has-post-thumbnail","7":"category-chaco","8":"tag-destacada"},"_links":{"self":[{"href":"https:\/\/chacosintesis.com.ar\/index.php\/wp-json\/wp\/v2\/posts\/16909","targetHints":{"allow":["GET"]}}],"collection":[{"href":"https:\/\/chacosintesis.com.ar\/index.php\/wp-json\/wp\/v2\/posts"}],"about":[{"href":"https:\/\/chacosintesis.com.ar\/index.php\/wp-json\/wp\/v2\/types\/post"}],"author":[{"embeddable":true,"href":"https:\/\/chacosintesis.com.ar\/index.php\/wp-json\/wp\/v2\/users\/1"}],"replies":[{"embeddable":true,"href":"https:\/\/chacosintesis.com.ar\/index.php\/wp-json\/wp\/v2\/comments?post=16909"}],"version-history":[{"count":0,"href":"https:\/\/chacosintesis.com.ar\/index.php\/wp-json\/wp\/v2\/posts\/16909\/revisions"}],"wp:featuredmedia":[{"embeddable":true,"href":"https:\/\/chacosintesis.com.ar\/index.php\/wp-json\/wp\/v2\/media\/16910"}],"wp:attachment":[{"href":"https:\/\/chacosintesis.com.ar\/index.php\/wp-json\/wp\/v2\/media?parent=16909"}],"wp:term":[{"taxonomy":"category","embeddable":true,"href":"https:\/\/chacosintesis.com.ar\/index.php\/wp-json\/wp\/v2\/categories?post=16909"},{"taxonomy":"post_tag","embeddable":true,"href":"https:\/\/chacosintesis.com.ar\/index.php\/wp-json\/wp\/v2\/tags?post=16909"}],"curies":[{"name":"wp","href":"https:\/\/api.w.org\/{rel}","templated":true}]}}