{"id":16907,"date":"2022-08-24T17:34:25","date_gmt":"2022-08-24T20:34:25","guid":{"rendered":"https:\/\/chacosintesis.com.ar\/?p=16907"},"modified":"2022-08-24T17:36:47","modified_gmt":"2022-08-24T20:36:47","slug":"desfile-show-solidario-para-recaudar-alimentos-y-juguetes-para-merenderos-de-resistencia","status":"publish","type":"post","link":"https:\/\/chacosintesis.com.ar\/index.php\/desfile-show-solidario-para-recaudar-alimentos-y-juguetes-para-merenderos-de-resistencia\/","title":{"rendered":"Desfile-show solidario para recaudar alimentos y juguetes para merenderos de Resistencia"},"content":{"rendered":"<p>Por la celebraci\u00f3n del Mes de las Infancias, la Fundaci\u00f3n Mujeres Chaque\u00f1as Solidarias (Muchas) realizar\u00e1 este viernes, a las 19, un desfile-show solidario denominado \u201cArte y Moda\u201d, que se llevar\u00e1 a cabo en el Club Social de Resistencia. El evento tiene como objetivo inculcar a las y los ni\u00f1os valores como la solidaridad y la inclusi\u00f3n. La entrada ser\u00e1 libre y gratuita, aunque con pedido de colaboraci\u00f3n a los presentes de alimentos no perecederos, ropa de abrigo, pa\u00f1ales y juguetes que ser\u00e1n entregados en distintos merenderos de la Ciudad.<br \/>\nEl desfile de modelos estar\u00e1 a cargo de Irma Monfardini, de La Femme, pionera en la moda chaque\u00f1a, y se realiza gracias al acompa\u00f1amiento de las marcas Cheeky, Grisino, Broern y Lechezucca. En la coordinaci\u00f3n del desfile de los infantes estar\u00e1 Alfredo Blanco, representante de los clubes rotarios, quien tiene experiencia al dirigir su escuela de modelos Activa.<br \/>\nEn el \u00e1rea art\u00edstica, Subastarte, de la mano de Alejandra Giachino; la artista Mirian Acosta intervendr\u00e1 en vivo; el mobiliario infantil estar\u00e1 a cargo de Jos\u00e9 Garnica, de Garnica Kids. Tambi\u00e9n estar\u00e1n Aldana y Eliana, de Pinta Caritas, pintando caritas y animalitos felices a las y los ni\u00f1os. Tambi\u00e9n habr\u00e1 un n\u00famero de danzas \u00e1rabes, a cargo del Instituto Aswan; mientras que Diego Sodja, de Sodja V\u00eda P\u00fablica, se encarg\u00f3 de la publicidad; y el Municipio de Resistencia de la animaci\u00f3n infantil a cargo de Pochosky. La conducci\u00f3n del evento estar\u00e1 a cargo de Iva Blanco Vallejos.<br \/>\nLas y los modelos<br \/>\nCon el agradecimiento a las respectivas familias participar\u00e1n: Emmita Gamarra, Franco Gonz\u00e1lez Morales, Mar\u00eda Candela L\u00f3pez, Renzo Areco, Ciro Bernachea, Olivia \u00c1lvarez Brites, Martina y Delfina Quinteros Pampliega, Sof\u00eda Viviana Aquino, Nahiara Aymara Vera; N\u00e9stor, Agust\u00edn, Thiago y Agostina Monfardini, Gian Franco y Naomi Geraldine Quintana, Julia V\u00e1zquez Rotundo, Vito Ojeda Benegas, Mia Candia, Patricio Maidana, Ana Sophia y M\u00e1ximo Parra, Benjam\u00edn Mart\u00ednez Ferrazzano, Fabricio Gonz\u00e1lez,  Bella Pardo, Naomi Vargas, Reggina Fern\u00e1ndez Carauni, Giussepina Nediani, Mar\u00eda Paulina Ram\u00edrez, Delfina y Berenice Albarr\u00e1n, Chiara Franchesca Tuyar\u00e9 Mart\u00ednez, Camilo, Chavela C\u00e1ceres y Ciro Patricio.<\/p>\n","protected":false},"excerpt":{"rendered":"<p>Por la celebraci\u00f3n del Mes de las Infancias, la Fundaci\u00f3n Mujeres Chaque\u00f1as Solidarias (Muchas) realizar\u00e1 este viernes, a las 19, un desfile-show solidario denominado \u201cArte y Moda\u201d, que se llevar\u00e1 a cabo en el Club Social de Resistencia. El evento tiene como objetivo inculcar a las y los ni\u00f1os valores como la solidaridad y la [&hellip;]<\/p>\n","protected":false},"author":1,"featured_media":16908,"comment_status":"closed","ping_status":"closed","sticky":false,"template":"","format":"standard","meta":{"footnotes":""},"categories":[6],"tags":[],"class_list":{"0":"post-16907","1":"post","2":"type-post","3":"status-publish","4":"format-standard","5":"has-post-thumbnail","7":"category-chaco"},"_links":{"self":[{"href":"https:\/\/chacosintesis.com.ar\/index.php\/wp-json\/wp\/v2\/posts\/16907","targetHints":{"allow":["GET"]}}],"collection":[{"href":"https:\/\/chacosintesis.com.ar\/index.php\/wp-json\/wp\/v2\/posts"}],"about":[{"href":"https:\/\/chacosintesis.com.ar\/index.php\/wp-json\/wp\/v2\/types\/post"}],"author":[{"embeddable":true,"href":"https:\/\/chacosintesis.com.ar\/index.php\/wp-json\/wp\/v2\/users\/1"}],"replies":[{"embeddable":true,"href":"https:\/\/chacosintesis.com.ar\/index.php\/wp-json\/wp\/v2\/comments?post=16907"}],"version-history":[{"count":0,"href":"https:\/\/chacosintesis.com.ar\/index.php\/wp-json\/wp\/v2\/posts\/16907\/revisions"}],"wp:featuredmedia":[{"embeddable":true,"href":"https:\/\/chacosintesis.com.ar\/index.php\/wp-json\/wp\/v2\/media\/16908"}],"wp:attachment":[{"href":"https:\/\/chacosintesis.com.ar\/index.php\/wp-json\/wp\/v2\/media?parent=16907"}],"wp:term":[{"taxonomy":"category","embeddable":true,"href":"https:\/\/chacosintesis.com.ar\/index.php\/wp-json\/wp\/v2\/categories?post=16907"},{"taxonomy":"post_tag","embeddable":true,"href":"https:\/\/chacosintesis.com.ar\/index.php\/wp-json\/wp\/v2\/tags?post=16907"}],"curies":[{"name":"wp","href":"https:\/\/api.w.org\/{rel}","templated":true}]}}