{"id":16891,"date":"2022-08-23T22:46:45","date_gmt":"2022-08-24T01:46:45","guid":{"rendered":"https:\/\/chacosintesis.com.ar\/?p=16891"},"modified":"2022-08-23T23:06:43","modified_gmt":"2022-08-24T02:06:43","slug":"todos-con-cristina-en-chaco-hubo-manifestaciones-de-apoyo-a-cristina-fernandez-de-kirchner","status":"publish","type":"post","link":"https:\/\/chacosintesis.com.ar\/index.php\/todos-con-cristina-en-chaco-hubo-manifestaciones-de-apoyo-a-cristina-fernandez-de-kirchner\/","title":{"rendered":"Todos con Cristina: En Chaco hubo manifestaciones de apoyo a Cristina Fernandez de Kirchner"},"content":{"rendered":"<p>Bajo las consignas \u201cTodos con Cristina\u201d y \u201cChaco con Cristina\u201d, una buena parte del pueblo chaque\u00f1o sali\u00f3 a las calles a manifestar su solidaridad y respaldo a la vicepresidente de la Naci\u00f3n, Cristina Fern\u00e1ndez de Kirchner. Tras el pedido de condena de la Fiscal\u00eda en el caso conocido como Vialidad Nacional, una multitud se manifest\u00f3 en la capital provincial en rechazo al \u201cLawfare\u201d y a lo que consideran una \u201cpersecuci\u00f3n pol\u00edtica\u201d e &#8220;intento de proscripci\u00f3n&#8221; contra la expresidenta de la Naci\u00f3n.<br \/>\nAs\u00ed, representantes de diversos gremios, sindicatos, cooperativas, movimientos sociales, partidos y agrupaciones pol\u00edticas adheridas al Frente de Todos Chaco y vecinos resistencianos, se concentraron en Cangallo y Juan Domingo Per\u00f3n, para pasar por la C\u00e1mara de Apelaciones y llegar hasta el Juzgado Federal. Seg\u00fan las fuentes consultadas por Agencia FOCO, unas cinco cuadras cubr\u00eda la multitud que sali\u00f3 a respaldar a su l\u00edder pol\u00edtica y manifestarle su \u201capoyo incondicional\u201d.<br \/>\n A trav\u00e9s de sus redes sociales y al igual que anoche, el gobernador Jorge Capitanich manifest\u00f3 su \u201cprofundo repudio por el accionar extorsivo y por la persecuci\u00f3n medi\u00e1tica-judicial contra la vicepresidenta @CFKArgentina\u201d. \u201cNunca m\u00e1s persecuci\u00f3n judicial! Nunca m\u00e1s lawfare! Nunca m\u00e1s destrucci\u00f3n de los principios republicanos. Los que se dicen republicanos, son precisamente quienes no respetan sus principios\u201d, asegur\u00f3 en su cuenta de Twitter.<\/p>\n<p>Rodolfo Schwartz, diputado provincial, consider\u00f3 que el \u201cjuicio armado\u201d contra Cristina Fern\u00e1ndez de Kirchner, \u201ces parte de esa pol\u00edtica reaccionaria, de persecuci\u00f3n, que ni siquiera le permiti\u00f3 ampliar la declaraci\u00f3n en su defensa, mientras no movi\u00f3 un expediente cuando Macri, violando la Constituci\u00f3n, endeud\u00f3 a la Argentina por 44 mil quinientos millones de d\u00f3lares, que \u00e9l reconoci\u00f3 p\u00fablicamente que se los dio a los Bancos\u201d. \u201cLa persecuci\u00f3n judicial contra la Vicepresidenta de la Naci\u00f3n, se inscribe en el plan de Juntos por el Cambio para volver y tiene por fin avanzar sobre los derechos del pueblo con m\u00e1s ajuste, entrega y sumisi\u00f3n nacional, con el mismo objetivo tambi\u00e9n persiguen a organizaciones sociales y dirigentes populares\u201d, agreg\u00f3 el tambi\u00e9n presidente del Partido del Trabajo y del Pueblo. Y cerr\u00f3: \u201cTuvimos y tenemos diferencias con pol\u00edticas del Kirchnerismo, pero nos une la necesidad de avanzar en ese camino, debatiendo en profundidad en el Frente de Todos, para terminar con la conciliaci\u00f3n y concesiones a esos sectores. No es tiempo para debilidades y tibiezas, s\u00f3lo la movilizaci\u00f3n popular impedir\u00e1 el avance de esas minor\u00edas reaccionarias, posibilitar\u00e1 cambiar el rumbo y avanzar en el camino de la liberaci\u00f3n de nuestro pueblo y nuestra Patria\u201d.<br \/>\n\u201cNo van por ella, van por todos nosotros\u201d<br \/>\nAnal\u00eda Flores, una de las organizadoras de la marcha &#8220;Aguante Cristina&#8221;, dijo sentirse \u201cemocionada\u201d para todos los que \u201centendemos que Cristina es la conductora de los sectores nacionales y populares\u201d. \u201cEntendemos que esto es una persecuci\u00f3n, tal cual lo dijo ella hoy en su alegato, el que tuvo que lograrlo por propia cuenta ya que no la dejaron defenderse\u201d, agreg\u00f3 en di\u00e1logo con Radio Provincia.<br \/>\n\u201cNo van por ella, van por todos nosotros. El pueblo est\u00e1 con ella porque tiene un coraz\u00f3n en consonancia y por eso el pueblo sale a defenderla. Y por eso, espont\u00e1neamente el pueblo est\u00e1 en las calles\u201d, concluy\u00f3.<\/p>\n","protected":false},"excerpt":{"rendered":"<p>Bajo las consignas \u201cTodos con Cristina\u201d y \u201cChaco con Cristina\u201d, una buena parte del pueblo chaque\u00f1o sali\u00f3 a las calles a manifestar su solidaridad y respaldo a la vicepresidente de la Naci\u00f3n, Cristina Fern\u00e1ndez de Kirchner. Tras el pedido de condena de la Fiscal\u00eda en el caso conocido como Vialidad Nacional, una multitud se manifest\u00f3 [&hellip;]<\/p>\n","protected":false},"author":1,"featured_media":16892,"comment_status":"closed","ping_status":"closed","sticky":false,"template":"","format":"standard","meta":{"footnotes":""},"categories":[6],"tags":[],"class_list":{"0":"post-16891","1":"post","2":"type-post","3":"status-publish","4":"format-standard","5":"has-post-thumbnail","7":"category-chaco"},"_links":{"self":[{"href":"https:\/\/chacosintesis.com.ar\/index.php\/wp-json\/wp\/v2\/posts\/16891","targetHints":{"allow":["GET"]}}],"collection":[{"href":"https:\/\/chacosintesis.com.ar\/index.php\/wp-json\/wp\/v2\/posts"}],"about":[{"href":"https:\/\/chacosintesis.com.ar\/index.php\/wp-json\/wp\/v2\/types\/post"}],"author":[{"embeddable":true,"href":"https:\/\/chacosintesis.com.ar\/index.php\/wp-json\/wp\/v2\/users\/1"}],"replies":[{"embeddable":true,"href":"https:\/\/chacosintesis.com.ar\/index.php\/wp-json\/wp\/v2\/comments?post=16891"}],"version-history":[{"count":0,"href":"https:\/\/chacosintesis.com.ar\/index.php\/wp-json\/wp\/v2\/posts\/16891\/revisions"}],"wp:featuredmedia":[{"embeddable":true,"href":"https:\/\/chacosintesis.com.ar\/index.php\/wp-json\/wp\/v2\/media\/16892"}],"wp:attachment":[{"href":"https:\/\/chacosintesis.com.ar\/index.php\/wp-json\/wp\/v2\/media?parent=16891"}],"wp:term":[{"taxonomy":"category","embeddable":true,"href":"https:\/\/chacosintesis.com.ar\/index.php\/wp-json\/wp\/v2\/categories?post=16891"},{"taxonomy":"post_tag","embeddable":true,"href":"https:\/\/chacosintesis.com.ar\/index.php\/wp-json\/wp\/v2\/tags?post=16891"}],"curies":[{"name":"wp","href":"https:\/\/api.w.org\/{rel}","templated":true}]}}