{"id":16883,"date":"2022-08-23T08:47:48","date_gmt":"2022-08-23T11:47:48","guid":{"rendered":"https:\/\/chacosintesis.com.ar\/?p=16883"},"modified":"2022-08-23T09:06:49","modified_gmt":"2022-08-23T12:06:49","slug":"en-el-dia-del-ladrillero-el-gobierno-entrego-maquinarias-herramientas-y-se-comprometio-a-garantizar-la-produccion-de-100-viviendas","status":"publish","type":"post","link":"https:\/\/chacosintesis.com.ar\/index.php\/en-el-dia-del-ladrillero-el-gobierno-entrego-maquinarias-herramientas-y-se-comprometio-a-garantizar-la-produccion-de-100-viviendas\/","title":{"rendered":"En el D\u00eda del Ladrillero, el gobierno entreg\u00f3 maquinarias, herramientas y se comprometi\u00f3 a garantizar la producci\u00f3n de 100 viviendas"},"content":{"rendered":"<p>La provincia del Chaco conmemor\u00f3 el D\u00eda del Ladrillero en Villa \u00c1ngela, con entrega de maquinarias y herramientas. Hasta el lugar, lleg\u00f3 el gobernador del Chaco para compartir una jornada con referentes de importante sector de la econom\u00eda popular. \u201cEntregamos maquinarias y herramientas que forman parte del reconocimiento al enorme aporte que hacen sus trabajadoras y trabajadores en la econom\u00eda de nuestra provincia\u201d, destac\u00f3 el mandatario provincial a trav\u00e9s de sus redes sociales.<br \/>\nSuman cerca de dos mil familias y 10 mil trabajadores directos e indirectos que viven del ladrillo, comen del ladrillo y gracias al ladrillo puede hacer estudiar a sus hijos. \u201cAs\u00ed me lo contaba Anal\u00eda, del Consorcio de Campo Largo que gracias a este trabajo pudo mandar a sus hijos a la universidad p\u00fablica\u201d, agreg\u00f3 Capitanich. De la actividad tambi\u00e9n participaron el ministro de Planificaci\u00f3n, Econom\u00eda e Infraestructura, Santiago P\u00e9rez Pons y Mauro Andi\u00f3n, presidente del Instituto de Agricultura Familiar y Econom\u00eda Popular, entre otras autoridades.<br \/>\nEn la oportunidad, Capitanich manifest\u00f3 el compromiso de garantizar la producci\u00f3n de las primeras 100 viviendas, por sorteo, a los distintos Consorcios para que \u201cquienes producen ladrillos tengan ladrillos y puedan acceder al techo propio y a la dignidad de sus familias\u201d. \u201cQueremos que cada ladrillero pueda producir de manera homog\u00e9nea, de forma mecanizada y que sean ladrillos de calidad, con mayor productividad para abastecer no s\u00f3lo al Chaco sino a otras provincias argentinas y eso significar\u00e1 que puedan llevar un plato a la mesa de cada hogar\u201d, destac\u00f3.<br \/>\nDel mismo modo, el titular del Ejecutivo provincial reconoci\u00f3: \u201cNo hemos podido cumplir con todo pero vamos avanzando. Antes est\u00e1bamos desorganizados, ahora estamos organizados. Antes no ten\u00edamos equipos de mecanizaci\u00f3n, ahora los tenemos. Antes ten\u00edamos un problema para avanzar en la producci\u00f3n y la productividad y ahora mejoramos\u201d. \u201cEste es el camino para lograr que cada familia de ladrilleros pueda tener realmente una vida digna, con m\u00e1s derechos y m\u00e1s oportunidades \u00a1Feliz d\u00eda!\u201d, concluy\u00f3.<\/p>\n","protected":false},"excerpt":{"rendered":"<p>La provincia del Chaco conmemor\u00f3 el D\u00eda del Ladrillero en Villa \u00c1ngela, con entrega de maquinarias y herramientas. Hasta el lugar, lleg\u00f3 el gobernador del Chaco para compartir una jornada con referentes de importante sector de la econom\u00eda popular. \u201cEntregamos maquinarias y herramientas que forman parte del reconocimiento al enorme aporte que hacen sus trabajadoras [&hellip;]<\/p>\n","protected":false},"author":1,"featured_media":16884,"comment_status":"closed","ping_status":"closed","sticky":false,"template":"","format":"standard","meta":{"footnotes":""},"categories":[6],"tags":[],"class_list":{"0":"post-16883","1":"post","2":"type-post","3":"status-publish","4":"format-standard","5":"has-post-thumbnail","7":"category-chaco"},"_links":{"self":[{"href":"https:\/\/chacosintesis.com.ar\/index.php\/wp-json\/wp\/v2\/posts\/16883","targetHints":{"allow":["GET"]}}],"collection":[{"href":"https:\/\/chacosintesis.com.ar\/index.php\/wp-json\/wp\/v2\/posts"}],"about":[{"href":"https:\/\/chacosintesis.com.ar\/index.php\/wp-json\/wp\/v2\/types\/post"}],"author":[{"embeddable":true,"href":"https:\/\/chacosintesis.com.ar\/index.php\/wp-json\/wp\/v2\/users\/1"}],"replies":[{"embeddable":true,"href":"https:\/\/chacosintesis.com.ar\/index.php\/wp-json\/wp\/v2\/comments?post=16883"}],"version-history":[{"count":0,"href":"https:\/\/chacosintesis.com.ar\/index.php\/wp-json\/wp\/v2\/posts\/16883\/revisions"}],"wp:featuredmedia":[{"embeddable":true,"href":"https:\/\/chacosintesis.com.ar\/index.php\/wp-json\/wp\/v2\/media\/16884"}],"wp:attachment":[{"href":"https:\/\/chacosintesis.com.ar\/index.php\/wp-json\/wp\/v2\/media?parent=16883"}],"wp:term":[{"taxonomy":"category","embeddable":true,"href":"https:\/\/chacosintesis.com.ar\/index.php\/wp-json\/wp\/v2\/categories?post=16883"},{"taxonomy":"post_tag","embeddable":true,"href":"https:\/\/chacosintesis.com.ar\/index.php\/wp-json\/wp\/v2\/tags?post=16883"}],"curies":[{"name":"wp","href":"https:\/\/api.w.org\/{rel}","templated":true}]}}