{"id":16865,"date":"2022-08-22T09:27:59","date_gmt":"2022-08-22T12:27:59","guid":{"rendered":"https:\/\/chacosintesis.com.ar\/?p=16865"},"modified":"2022-08-22T09:37:11","modified_gmt":"2022-08-22T12:37:11","slug":"diputados-de-la-ucr-manifestaron-su-preocupacion-por-la-falta-de-agua-en-el-interior-y-apuntaron-contra-capitanich","status":"publish","type":"post","link":"https:\/\/chacosintesis.com.ar\/index.php\/diputados-de-la-ucr-manifestaron-su-preocupacion-por-la-falta-de-agua-en-el-interior-y-apuntaron-contra-capitanich\/","title":{"rendered":"Diputados de la UCR manifestaron su preocupaci\u00f3n por &#8220;la falta de agua en el interior&#8221; y apuntaron contra Capitanich"},"content":{"rendered":"<p>Diputados del Interbloque UCR expresaron su profunda preocupaci\u00f3n por la falta de agua potable desde hace varios d\u00edas en la ciudad de Presidencia Roque S\u00e1enz Pe\u00f1a, Charata y otras localidades de la provincia\u201d.<br \/>\nLos legisladores informaron que \u201cHace d\u00edas que la ciudad de S\u00e1enz Pe\u00f1a esta sin una gota de agua, lo mismo sucede en Charata,  ciudad donde un Capitanich en \u201cmodo campa\u00f1a\u201d se emocion\u00f3 hasta las l\u00e1grimas al abrir una canilla, y as\u00ed en otras localidades del interior provincial, la explicaci\u00f3n que dieron es que por intervenciones que se realizan para optimizar el servicio solo se abastecer\u00eda desde el \u201cprimer acueducto\u201d,  pero la realidad mata relato, no hay agua, eso muestra que hay un solo acueducto en funcionamiento, el hist\u00f3rico, el mismo que el gobernador utiliz\u00f3 en su campa\u00f1a del a\u00f1o 2015 para hacer creer a los chaque\u00f1os que el segundo acueducto estaba listo\u201d<br \/>\n\u201cInauguran  viviendas sin agua  como ocurri\u00f3 recientemente en Villa \u00c1ngela con la visita del Presidente de la Naci\u00f3n, cargan los tanques con mangueras para la foto,  hay escuelas sin agua,  a casi 20 a\u00f1os de la promesa inicial realizada precisamente en S\u00e1enz Pe\u00f1a por el ex presidente N\u00e9stor Kirchner y sucesivas promesas de la ex presidenta Cristina Kirchner, los chaque\u00f1os del interior siguen esperando poder acceder a un derecho esencial como es el agua potable, el gobierno provincial lleva recibidos u$s 400 millones de d\u00f3lares entre cr\u00e9ditos y aportes nacionales, sin embargo el segundo acueducto  sigue en veremos\u201d<br \/>\nFinalmente se\u00f1alaron \u201cEs lamentable que, habiendo tenido todo a su favor para hacer una gesti\u00f3n ejemplar con recursos a discreci\u00f3n y gobierno nacional del mismo signo partidario, tras 16 a\u00f1os de gobierno Capitanich ser\u00e1 recordado como el gobernador mentiroso que no logr\u00f3 dignificar a los chaque\u00f1os que m\u00e1s lo necesitan\u201d<\/p>\n","protected":false},"excerpt":{"rendered":"<p>Diputados del Interbloque UCR expresaron su profunda preocupaci\u00f3n por la falta de agua potable desde hace varios d\u00edas en la ciudad de Presidencia Roque S\u00e1enz Pe\u00f1a, Charata y otras localidades de la provincia\u201d. Los legisladores informaron que \u201cHace d\u00edas que la ciudad de S\u00e1enz Pe\u00f1a esta sin una gota de agua, lo mismo sucede en [&hellip;]<\/p>\n","protected":false},"author":1,"featured_media":16866,"comment_status":"closed","ping_status":"closed","sticky":false,"template":"","format":"standard","meta":{"footnotes":""},"categories":[6],"tags":[],"class_list":{"0":"post-16865","1":"post","2":"type-post","3":"status-publish","4":"format-standard","5":"has-post-thumbnail","7":"category-chaco"},"_links":{"self":[{"href":"https:\/\/chacosintesis.com.ar\/index.php\/wp-json\/wp\/v2\/posts\/16865","targetHints":{"allow":["GET"]}}],"collection":[{"href":"https:\/\/chacosintesis.com.ar\/index.php\/wp-json\/wp\/v2\/posts"}],"about":[{"href":"https:\/\/chacosintesis.com.ar\/index.php\/wp-json\/wp\/v2\/types\/post"}],"author":[{"embeddable":true,"href":"https:\/\/chacosintesis.com.ar\/index.php\/wp-json\/wp\/v2\/users\/1"}],"replies":[{"embeddable":true,"href":"https:\/\/chacosintesis.com.ar\/index.php\/wp-json\/wp\/v2\/comments?post=16865"}],"version-history":[{"count":0,"href":"https:\/\/chacosintesis.com.ar\/index.php\/wp-json\/wp\/v2\/posts\/16865\/revisions"}],"wp:featuredmedia":[{"embeddable":true,"href":"https:\/\/chacosintesis.com.ar\/index.php\/wp-json\/wp\/v2\/media\/16866"}],"wp:attachment":[{"href":"https:\/\/chacosintesis.com.ar\/index.php\/wp-json\/wp\/v2\/media?parent=16865"}],"wp:term":[{"taxonomy":"category","embeddable":true,"href":"https:\/\/chacosintesis.com.ar\/index.php\/wp-json\/wp\/v2\/categories?post=16865"},{"taxonomy":"post_tag","embeddable":true,"href":"https:\/\/chacosintesis.com.ar\/index.php\/wp-json\/wp\/v2\/tags?post=16865"}],"curies":[{"name":"wp","href":"https:\/\/api.w.org\/{rel}","templated":true}]}}