{"id":16857,"date":"2022-08-22T08:22:54","date_gmt":"2022-08-22T11:22:54","guid":{"rendered":"https:\/\/chacosintesis.com.ar\/?p=16857"},"modified":"2022-08-22T08:37:28","modified_gmt":"2022-08-22T11:37:28","slug":"la-farmacia-bancaria-celebra-36-anos-de-vida","status":"publish","type":"post","link":"https:\/\/chacosintesis.com.ar\/index.php\/la-farmacia-bancaria-celebra-36-anos-de-vida\/","title":{"rendered":"La Farmacia Bancaria celebra 36 a\u00f1os de vida"},"content":{"rendered":"<p>\u201cFestejamos este 2022 el triunfo de los sue\u00f1os con la muy pr\u00f3xima inauguraci\u00f3n de nuestra casa propia; celebramos la funci\u00f3n social de nuestra farmacia que derrama los beneficios no solamente a la familia bancaria sino a toda la comunidad -porque hemos construido una mutual abierta-; saludamos con gratitud a las m\u00e1s de 46 mil familias del nordeste argentino asociadas a la farmacia bancaria y hago extensiva mi gratitud a la sociedad entera que siempre nos ha brindado su apoyo\u201d. As\u00ed se expresa Rub\u00e9n \u201cCoco\u201d Ruffino, un constructor de la Farmacia Sindical Bancaria que cumple 36 a\u00f1os de vida, brindando servicios a m\u00e1s de 46 mil familias del nordeste argentino.<br \/>\n Farmacia que en cada cumplea\u00f1os celebra  nuevos logros. En este 2022, la inauguraci\u00f3n de la casa propia, el debut en servicios m\u00e9dicos, nuevas sucursales, nuevos convenios, nuevos servicios y el  compromiso leal con la comunidad.<br \/>\n Los grandes desaf\u00edos, ameritan grandes proezas. Y los grandes logros, la fuerza y constancia para mantenerlos.  La Farmacia bancaria, es un ejemplo a seguir. Cumple este 22 de agosto 36 a\u00f1os de vida teniendo siempre como bandera  sus principios solidarios, que con el paso del tiempo se ha derramado  en beneficios para toda la comunidad. \u00bfQu\u00e9 significa esto? Una farmacia de la mutual bancaria pero donde cualquier persona puede afiliarse y acceder a los m\u00faltiples beneficios.<br \/>\n Nada m\u00e1s sencillo: A trav\u00e9s de una cuota modesta de cincuenta pesos!, la entrada directa a un mundo de beneficios .<br \/>\n \u201cHoy tenemos sucursales en Resistencia, Barranqueras, S\u00e1enz Pe\u00f1a, Castelli, Charata, Corrientes,  Formosa, ahora, pr\u00f3ximamente en Fontana. Contamos con diez importantes locales en actividad. Computamos una \u00f3ptica en Barranqueras y un servicio totalmente gratuito de enfermer\u00eda -incluido los descartables-,  con aplicaci\u00f3n de inyecciones, control de glucemia, toma de presi\u00f3n arterial, nebulizaciones, etc\u00e9tera, en todas sus sucursales. Y tambi\u00e9n contamos con servicio de podolog\u00eda en Resistencia. No existe en la provincia cuota social y de servicios tan accesible como la nuestra, que es de 50 pesos y que cubre a todo el grupo familiar -ante el fallecimiento del titular o cualquiera de los integrantes de su grupo-, con un subsidio en efectivo\u201d, confirma Ruffino.<br \/>\n La farmacia en sus inicios bajo el lema del respeto por los derechos de los trabajadores y nunca se apart\u00f3 de \u00e9l. Comenz\u00f3 a funcionar con 4 personas y hoy son m\u00e1s de un centenar, entre profesionales farmac\u00e9uticos y personal de atenci\u00f3n al p\u00fablico, administrativos y profesionales en sistemas.<br \/>\n A la vista de Ruffino, la farmacia bancaria una de las entidades m\u00e1s importantes del Chaco, con una personalidad muy especial. \u201cSon 115 trabajadores que perciben sus salarios totalmente en blanco. No existe en nuestra farmacia  un solo trabajador en negro. Se respetan y se pagan todos los aportes previsionales, la obra social y la cuota sindical. Los profesionales farmac\u00e9uticos tienen su gremio y el personal administrativo y de atenci\u00f3n al p\u00fablico tienen el propio\u201d.<br \/>\n 115 familias orgullosas de pertenecer a esta instituci\u00f3n que tiene por vara el respeto mutuo en lo humano y lo laboral, sentido de relaci\u00f3n que se traslad\u00f3 al afiliado. Por eso, la farmacia bancaria a\u00fana desempe\u00f1o profesional y responsable y valores humanos  que se manifiestan en el trabajo sensible y solidario de sus componentes.<br \/>\n \u201cSomos la farmacia que mayor venta hace al PAMI. El 90% de la facturaci\u00f3n de jubilados y pensionados de ese organismo se hace en nuestra farmacia. Destaco los servicios oncol\u00f3gicos donde PAMI paga nada m\u00e1s que una comisi\u00f3n\u2026 Orgullosos de prestar ese servicio.\u201d<br \/>\n El crecimiento en el tiempo ha sido exponencial y hoy, la Farmacia Sindical brinda su aporte social a m\u00e1s de cuarenta y seis mil afiliados en sus cuatro locales de Resistencia, y sucursales en Barranqueras, S\u00e1enz Pe\u00f1a, Castelli, Charata, Corrientes y Formosa.<br \/>\n Son 36 a\u00f1os, 46.000 afiliados, m\u00e1s de 320 convenios firmados con organizaciones, gremios, asociaciones civiles sin fines de lucro, haberes que consolidaron en el tiempo el compromiso permanente con la comunidad.<\/p>\n<p>LA HISTORIA<br \/>\n \u201dCoco\u201d Ruffino, acude a la memoria para traer la historia al presente: &#8220;El 22 de agosto de 1986 nac\u00eda nuestra primera farmacia. Muchos sue\u00f1os cumplidos, muchos problemas resueltos y la permanente y nunca cambiante necesidad de evolucionar, de mejorar, de servir mejor. Fuimos pioneros. Muchas farmacias bancarias se abrieron en el pa\u00eds a partir de transmitir nuestra experiencia, nuestros conocimientos, nuestros sistemas.&#8221;<br \/>\n \u201cHac\u00eda un a\u00f1o que hab\u00edamos asumido en la conducci\u00f3n de la Seccional Resistencia de la Asociaci\u00f3n Bancaria. Fue el producto de ver la necesidad que ten\u00edan los compa\u00f1eros, de tener un servicio de salud que sea accesible a su bolsillo. En ese momento el costo mayor lo ten\u00edan en la compra de medicamentos. Eso nos llev\u00f3 a pensar c\u00f3mo ayudar a los compa\u00f1eros a solucionar esa situaci\u00f3n que era bastante grave, y lo sigue siendo hoy.\u201d<br \/>\n El desaf\u00edo fue la creaci\u00f3n de la primera farmacia sindical y social bancaria en la provincia del Chaco que comenz\u00f3 a funcionar  con s\u00f3lo una farmac\u00e9utica y dos empleados.<br \/>\n El 22 de Agosto de 1986 se inaugur\u00f3 el primer local en el edificio de la casa central del banco del Chaco sobre la calle Ant\u00e1rtida Argentina, hoy Arturo Illia.<br \/>\n \u201cAs\u00ed comenzamos. Pidiendo prestadas muchas cosas. La colaboraci\u00f3n del Banco del Chaco fue muy importante, porque nos permiti\u00f3 algunos art\u00edculos que ten\u00edan en desuso en suministros, que nos fueron dando para que nosotros pudi\u00e9ramos armar las estanter\u00edas, el primer mostrador, y el primer piso del banco que estaba totalmente desocupado, que ten\u00eda una puertita con una escalera con m\u00e1s de 50 escalones, bastante empinada. Ah\u00ed fue donde armamos nuestra primera farmacia sindical y social bancaria en la provincia del Chaco\u201d<br \/>\n Un a\u00f1o m\u00e1s tarde y gracias a la gran aceptaci\u00f3n del servicio, la Farmacia abri\u00f3 sus puertas en un amplio local alquilado sobre avenida 25 de Mayo al 300. La respuesta de los trabajadores y p\u00fablico en general fue inmediata.<br \/>\n \u201cEsta es una mutual abierta y se hab\u00eda abierto la inscripci\u00f3n de socios y ten\u00edamos una cantidad importante. No hay que olvidar que es una entidad que no persigue fines de lucro y por lo tanto el precio de los medicamentos para los afiliados era much\u00edsimo m\u00e1s bajo. En ese momento significaba un descuento de entre un 15 y un 20 por ciento con relaci\u00f3n a las dem\u00e1s farmacias. Por eso hubo una respuesta tan favorable de los compa\u00f1eros y dem\u00e1s afiliados.\u201d<br \/>\n Sin embargo, el nuevo y amplio local y la presencia masiva de quienes valoraban el nuevo servicio despert\u00f3 mezquinos intereses comerciales. La Farmacia Sindical, comenzaba a molestar al poder.<br \/>\n \u201cVivimos muchas dificultades. Por ejemplo, hab\u00eda una normativa. A las farmacias mutuales no les permit\u00edan tener salida a la calle. El cartel que anunciaba la farmacia no pod\u00eda tener m\u00e1s de 20 x20 cm de color marr\u00f3n. Todas limitaciones para impedir el funcionamiento de las farmacias mutuales. Esta fue una realidad bastante dura que tuvimos que afrontar\u201d.<br \/>\n A medida que pasaba el tiempo, la presi\u00f3n y las intimidaciones permanentes de los inspectores fueron creciendo. Buscaban la clausura definitiva, pero la reacci\u00f3n de los directivos fue contundente.<br \/>\n \u201cEso me llev\u00f3 un d\u00eda a pedirle una audiencia al ministro de Salud P\u00fablica, en aquel momento el doctor Valfr\u00e9, del gobierno del doctor Tenev y le dije \u201cMe est\u00e1n persiguiendo, nos quieren cerrar la farmacia y lamentablemente, si vos no actu\u00e1s, me voy a ver obligado a poner a los trabajadores bancarios en la puerta de Casa de Gobierno, porque esto es una barbaridad y nosotros no nos vamos a quedar callados frente a este tipo de conductas\u201d. La verdad que la respuesta de Valfr\u00e9 fue la que yo esperaba. Ah\u00ed nom\u00e1s llam\u00f3 al jefe de los inspectores y le dijo: les proh\u00edbo que pasen por la vereda de la farmacia. Dejen trabajar a los muchachos porque o que est\u00e1n haciendo es un gran trabajo social que nosotros, como gobierno peronista, tenemos que apoyar.\u201d<br \/>\n Desde entonces, y con el respaldo masivo de la sociedad y en especial de los trabajadores bancarios se incorporaron paulatinamente los distintos servicios.<br \/>\nRuffino suma una consideraci\u00f3n: \u201cQuiero remarcar como parte fundamental del crecimiento de nuestra farmacia,  el aporte de sus empleados y profesionales totalmente identificados con la funci\u00f3n social de su trabajo. Sin esa identificaci\u00f3n,  hubiera sido muy dif\u00edcil su crecimiento\u201d.<br \/>\n El crecimiento en el tiempo fue notable. Hoy con diez importantes locales en actividad, la Farmacia Sindical brinda su aporte social a m\u00e1s de 46.000 afiliados en sus sucursales de Resistencia, Barranqueras, S\u00e1enz Pe\u00f1a, Castelli, Charata, Corrientes y Formosa.<br \/>\n NOVEDADES 2022<br \/>\n En el transcurso de este a\u00f1o, hay en  ciernes un gran festejo: La inauguraci\u00f3n de la sede propia en avenida 9 de julio al 185<br \/>\n Ese edificio contar\u00e1 con  tecnolog\u00eda de vanguardia, un edificio con energ\u00eda solar, sistema de purificaci\u00f3n del ambiente, con caracter\u00edsticas de sustentabilidad. Un edificio inteligente y tambi\u00e9n amigable con el medio ambiente<br \/>\n Asimismo, para este 2022 se inaugurar\u00e1  la sucursal de la localidad de Fontana, sito  avenida Alvear 4380, que adem\u00e1s farmacia ser\u00e1 policonsultorio. En este marco, la mutual debuta con servicios m\u00e9dicos.<br \/>\n Otra novedad de este a\u00f1o es el servicio de ortopedia (sum\u00e1ndose a los muchos otros, como  \u00f3ptica, podolog\u00eda, etc.)<br \/>\n Una decena de sucursales, m\u00e1s de un centenar de empleados, con m\u00e1s de 300 convenios colectivos firmados con organizaciones, gremios, asociaciones civiles sin fines de lucro; con una envidiable cobertura territorial. En fin, balance de m\u00e9ritos\u2026<br \/>\n \u201dY QUE CUMPLAS  MUCHOS M\u00c1S\u201d<br \/>\n 36 a\u00f1os, es un tiempo grande. Lo que hoy es natural, lo que hoy es derecho adquirido, es producto tambi\u00e9n de un largo camino de perseverancia, de aprendizaje y experiencia, de sacrificios, de luchas.<br \/>\n -\u00bfQuedan  sue\u00f1os por alcanzar?<br \/>\n -Seguir mejorando la calidad de los servicios, est\u00e1 en nuestro ADN. Siempre hay sue\u00f1os por alcanzar Nuestro deseo de seguir creciendo para llegar a una mayor cantidad de afiliados y conveniados de otras localidades que nos solicitaron; vamos  a cumplir con los compromisos asumidos con Gral. San Martin, Villa \u00c1ngela\u2026 Como este a\u00f1o lo hacemos con  Fontana.<br \/>\n Hoy, para nosotros es un d\u00eda de felicidad y agradecimiento. Por la solidaridad, la confianza y el acompa\u00f1amiento que siempre nos han brindado, porque nos han permitido servir no solamente a los bancarios sino abrirnos a la sociedad toda, ya que somos parte de esta comunidad a la que nos sentimos obligados de servir.<\/p>\n<p>FOTO: Inauguraci\u00f3n de la Farmacia Sindical Bancaria &#8211; 22 de Agosto de 1986<br \/>\n Inauguraci\u00f3n de la Farmacia Sindical Bancaria &#8211; 22 de Agosto de 1986<\/p>\n","protected":false},"excerpt":{"rendered":"<p>\u201cFestejamos este 2022 el triunfo de los sue\u00f1os con la muy pr\u00f3xima inauguraci\u00f3n de nuestra casa propia; celebramos la funci\u00f3n social de nuestra farmacia que derrama los beneficios no solamente a la familia bancaria sino a toda la comunidad -porque hemos construido una mutual abierta-; saludamos con gratitud a las m\u00e1s de 46 mil familias [&hellip;]<\/p>\n","protected":false},"author":1,"featured_media":16858,"comment_status":"closed","ping_status":"closed","sticky":false,"template":"","format":"standard","meta":{"footnotes":""},"categories":[6],"tags":[],"class_list":{"0":"post-16857","1":"post","2":"type-post","3":"status-publish","4":"format-standard","5":"has-post-thumbnail","7":"category-chaco"},"_links":{"self":[{"href":"https:\/\/chacosintesis.com.ar\/index.php\/wp-json\/wp\/v2\/posts\/16857","targetHints":{"allow":["GET"]}}],"collection":[{"href":"https:\/\/chacosintesis.com.ar\/index.php\/wp-json\/wp\/v2\/posts"}],"about":[{"href":"https:\/\/chacosintesis.com.ar\/index.php\/wp-json\/wp\/v2\/types\/post"}],"author":[{"embeddable":true,"href":"https:\/\/chacosintesis.com.ar\/index.php\/wp-json\/wp\/v2\/users\/1"}],"replies":[{"embeddable":true,"href":"https:\/\/chacosintesis.com.ar\/index.php\/wp-json\/wp\/v2\/comments?post=16857"}],"version-history":[{"count":0,"href":"https:\/\/chacosintesis.com.ar\/index.php\/wp-json\/wp\/v2\/posts\/16857\/revisions"}],"wp:featuredmedia":[{"embeddable":true,"href":"https:\/\/chacosintesis.com.ar\/index.php\/wp-json\/wp\/v2\/media\/16858"}],"wp:attachment":[{"href":"https:\/\/chacosintesis.com.ar\/index.php\/wp-json\/wp\/v2\/media?parent=16857"}],"wp:term":[{"taxonomy":"category","embeddable":true,"href":"https:\/\/chacosintesis.com.ar\/index.php\/wp-json\/wp\/v2\/categories?post=16857"},{"taxonomy":"post_tag","embeddable":true,"href":"https:\/\/chacosintesis.com.ar\/index.php\/wp-json\/wp\/v2\/tags?post=16857"}],"curies":[{"name":"wp","href":"https:\/\/api.w.org\/{rel}","templated":true}]}}