{"id":16811,"date":"2022-08-17T23:52:44","date_gmt":"2022-08-18T02:52:44","guid":{"rendered":"https:\/\/chacosintesis.com.ar\/?p=16811"},"modified":"2022-08-18T00:06:52","modified_gmt":"2022-08-18T03:06:52","slug":"ingreso-de-frente-frio-se-esperan-muy-bajas-temperaturas-y-no-se-descartan-heladas","status":"publish","type":"post","link":"https:\/\/chacosintesis.com.ar\/index.php\/ingreso-de-frente-frio-se-esperan-muy-bajas-temperaturas-y-no-se-descartan-heladas\/","title":{"rendered":"Ingreso de frente fr\u00edo: se esperan muy bajas temperaturas y no se descartan heladas"},"content":{"rendered":"<p>Luis Romero, integrante del equipo de la Direcci\u00f3n de Cambio Clim\u00e1tico y Riesgo Ambiental de la provincia adelant\u00f3 que a partir de las \u00faltimas horas de este mi\u00e9rcoles o primeras horas de ma\u00f1ana jueves ingresar\u00e1 a regi\u00f3n un frente fr\u00edo que generar\u00eda un descenso de temperatura marcado.<br \/>\n\u201cLos vientos van a rotar al sector sur-sureste y pueden darse r\u00e1fagas de viento con valores de velocidad que pueden rondar los 60 km\/h\u201d, advirti\u00f3 el especialista en di\u00e1logo con Radio Provincia, quien agreg\u00f3 que este fen\u00f3meno podr\u00eda aumentar las chances de precipitaciones y que no se descarta que se puedan llegar a dar tormentas fuertes pero que sean de acumulados destacados.<br \/>\nDetall\u00f3 que ma\u00f1ana, jueves, se esperan condiciones de buen tiempo con cielo algo nublado con una m\u00ednima que rondar\u00e1 los 10 grados y una m\u00e1xima que no va a superar los 18 grados, pero que sobre el final del d\u00eda se van a dar condiciones de cielo \u201cpr\u00e1cticamente limpio y sin nubosidad\u201d que sumado al ingreso del frente de aire fr\u00edo,van a generar m\u00ednimas que van a estar en el orden de los 0 y 2 grados y m\u00e1ximas que no van a superar los 15 grados. Mencion\u00f3 que no se descartan heladas.<\/p>\n","protected":false},"excerpt":{"rendered":"<p>Luis Romero, integrante del equipo de la Direcci\u00f3n de Cambio Clim\u00e1tico y Riesgo Ambiental de la provincia adelant\u00f3 que a partir de las \u00faltimas horas de este mi\u00e9rcoles o primeras horas de ma\u00f1ana jueves ingresar\u00e1 a regi\u00f3n un frente fr\u00edo que generar\u00eda un descenso de temperatura marcado. \u201cLos vientos van a rotar al sector sur-sureste [&hellip;]<\/p>\n","protected":false},"author":1,"featured_media":16812,"comment_status":"closed","ping_status":"closed","sticky":false,"template":"","format":"standard","meta":{"footnotes":""},"categories":[6],"tags":[],"class_list":{"0":"post-16811","1":"post","2":"type-post","3":"status-publish","4":"format-standard","5":"has-post-thumbnail","7":"category-chaco"},"_links":{"self":[{"href":"https:\/\/chacosintesis.com.ar\/index.php\/wp-json\/wp\/v2\/posts\/16811","targetHints":{"allow":["GET"]}}],"collection":[{"href":"https:\/\/chacosintesis.com.ar\/index.php\/wp-json\/wp\/v2\/posts"}],"about":[{"href":"https:\/\/chacosintesis.com.ar\/index.php\/wp-json\/wp\/v2\/types\/post"}],"author":[{"embeddable":true,"href":"https:\/\/chacosintesis.com.ar\/index.php\/wp-json\/wp\/v2\/users\/1"}],"replies":[{"embeddable":true,"href":"https:\/\/chacosintesis.com.ar\/index.php\/wp-json\/wp\/v2\/comments?post=16811"}],"version-history":[{"count":0,"href":"https:\/\/chacosintesis.com.ar\/index.php\/wp-json\/wp\/v2\/posts\/16811\/revisions"}],"wp:featuredmedia":[{"embeddable":true,"href":"https:\/\/chacosintesis.com.ar\/index.php\/wp-json\/wp\/v2\/media\/16812"}],"wp:attachment":[{"href":"https:\/\/chacosintesis.com.ar\/index.php\/wp-json\/wp\/v2\/media?parent=16811"}],"wp:term":[{"taxonomy":"category","embeddable":true,"href":"https:\/\/chacosintesis.com.ar\/index.php\/wp-json\/wp\/v2\/categories?post=16811"},{"taxonomy":"post_tag","embeddable":true,"href":"https:\/\/chacosintesis.com.ar\/index.php\/wp-json\/wp\/v2\/tags?post=16811"}],"curies":[{"name":"wp","href":"https:\/\/api.w.org\/{rel}","templated":true}]}}