{"id":16809,"date":"2022-08-17T10:04:55","date_gmt":"2022-08-17T13:04:55","guid":{"rendered":"https:\/\/chacosintesis.com.ar\/?p=16809"},"modified":"2022-08-17T10:36:41","modified_gmt":"2022-08-17T13:36:41","slug":"capitanich-anuncio-un-bono-de-12-mil-pesos-para-la-administracion-publica","status":"publish","type":"post","link":"https:\/\/chacosintesis.com.ar\/index.php\/capitanich-anuncio-un-bono-de-12-mil-pesos-para-la-administracion-publica\/","title":{"rendered":"Capitanich anunci\u00f3 un bono de $12 mil pesos para la administraci\u00f3n p\u00fablica"},"content":{"rendered":"<p>El gobernador del Chaco inform\u00f3 adem\u00e1s que desde septiembre, el personal activo y pasivo recibir\u00e1 un incremento del 7% en sus salarios.<br \/>\n El gobernador del Chaco, Jorge Capitanich, anunci\u00f3 esta ma\u00f1ana la acreditaci\u00f3n de un bono de 12 mil pesos al personal pasivo y activo de la administraci\u00f3n p\u00fablica que tengan sueldos brutos de hasta $185.000, lo que alcanzar\u00e1 a un 85% de los trabajadores y trabajadoras. El primer mandatario provincial adelant\u00f3 que desde septiembre, las trabajadoras y trabajadores percibir\u00e1n un aumento del 7% en los salarios.<br \/>\n&#8220;Esto permite, no solo la compensaci\u00f3n de los ingresos por efecto inflacionario, sino que implica un puente entre el 7% entregado en julio y el 7% que entregaremos en septiembre&#8221;, se\u00f1al\u00f3 Capitanich y agreg\u00f3 que &#8220;es un ingreso equivalente al 12% del salario de bolsillo&#8221;.<br \/>\n El gobernador indic\u00f3 que implica una inversi\u00f3n estimada de 1.600 millones de pesos. &#8220;Hemos hecho un gran esfuerzo para mejorar la estructura salarial del sector p\u00fablico para que tenga una recoposici\u00f3n&#8221;&#8221;, expres\u00f3 el primer mandatario provincial.<br \/>\nLos anuncios incluyeron  un 7% de incremento para docentes en septiembre a cuenta de la cl\u00e1usula gatillo del tercer trimestre del a\u00f1o, junto a los 200 puntos ya establecidos en el acuerdo salarial de marzo.<br \/>\n\u201cEn 9 meses de administraci\u00f3n fiscal del a\u00f1o los trabajadores del sector p\u00fablico han tenido pauta general y acuerdos para garantizar que el salario no pierda frente a la inflaci\u00f3n\u201d, dijo el gobernador.<br \/>\nAdem\u00e1s, inform\u00f3 el incremento de tres mil pesos al refrigerio del escalaf\u00f3n general de la administraci\u00f3n p\u00fablica.<br \/>\nEl anuncio de medidas econ\u00f3micas se da en el marco de la negociaci\u00f3n del Norte Grande para tener un subsidio energ\u00e9tico diferenciado, que pasar\u00e1 de 400 kw a 550 kw, lo que &#8220;implica expandir la capacidad de financiamiento del subsidio para las familias chaque\u00f1as&#8221;, sostuvo el gobernador.<\/p>\n","protected":false},"excerpt":{"rendered":"<p>El gobernador del Chaco inform\u00f3 adem\u00e1s que desde septiembre, el personal activo y pasivo recibir\u00e1 un incremento del 7% en sus salarios. El gobernador del Chaco, Jorge Capitanich, anunci\u00f3 esta ma\u00f1ana la acreditaci\u00f3n de un bono de 12 mil pesos al personal pasivo y activo de la administraci\u00f3n p\u00fablica que tengan sueldos brutos de hasta [&hellip;]<\/p>\n","protected":false},"author":1,"featured_media":16810,"comment_status":"closed","ping_status":"closed","sticky":false,"template":"","format":"standard","meta":{"footnotes":""},"categories":[6],"tags":[],"class_list":{"0":"post-16809","1":"post","2":"type-post","3":"status-publish","4":"format-standard","5":"has-post-thumbnail","7":"category-chaco"},"_links":{"self":[{"href":"https:\/\/chacosintesis.com.ar\/index.php\/wp-json\/wp\/v2\/posts\/16809","targetHints":{"allow":["GET"]}}],"collection":[{"href":"https:\/\/chacosintesis.com.ar\/index.php\/wp-json\/wp\/v2\/posts"}],"about":[{"href":"https:\/\/chacosintesis.com.ar\/index.php\/wp-json\/wp\/v2\/types\/post"}],"author":[{"embeddable":true,"href":"https:\/\/chacosintesis.com.ar\/index.php\/wp-json\/wp\/v2\/users\/1"}],"replies":[{"embeddable":true,"href":"https:\/\/chacosintesis.com.ar\/index.php\/wp-json\/wp\/v2\/comments?post=16809"}],"version-history":[{"count":0,"href":"https:\/\/chacosintesis.com.ar\/index.php\/wp-json\/wp\/v2\/posts\/16809\/revisions"}],"wp:featuredmedia":[{"embeddable":true,"href":"https:\/\/chacosintesis.com.ar\/index.php\/wp-json\/wp\/v2\/media\/16810"}],"wp:attachment":[{"href":"https:\/\/chacosintesis.com.ar\/index.php\/wp-json\/wp\/v2\/media?parent=16809"}],"wp:term":[{"taxonomy":"category","embeddable":true,"href":"https:\/\/chacosintesis.com.ar\/index.php\/wp-json\/wp\/v2\/categories?post=16809"},{"taxonomy":"post_tag","embeddable":true,"href":"https:\/\/chacosintesis.com.ar\/index.php\/wp-json\/wp\/v2\/tags?post=16809"}],"curies":[{"name":"wp","href":"https:\/\/api.w.org\/{rel}","templated":true}]}}