{"id":16799,"date":"2022-08-17T07:54:38","date_gmt":"2022-08-17T10:54:38","guid":{"rendered":"https:\/\/chacosintesis.com.ar\/?p=16799"},"modified":"2022-08-17T08:06:55","modified_gmt":"2022-08-17T11:06:55","slug":"patricia-bullrich-en-chaco-nosotros-estamos-en-contra-del-capitalismo-de-amigos","status":"publish","type":"post","link":"https:\/\/chacosintesis.com.ar\/index.php\/patricia-bullrich-en-chaco-nosotros-estamos-en-contra-del-capitalismo-de-amigos\/","title":{"rendered":"Patricia Bullrich en Chaco: \u201cNosotros estamos en contra del capitalismo de amigos\u201d"},"content":{"rendered":"<p>Bullrich en un recorrido por la ciudad de Resistencia afirm\u00f3: \u201cVinimos a Chaco acompa\u00f1ando a nuestra dirigencia y tambi\u00e9n a toda nuestra militancia joven y como siempre que vengo al Chaco, tan bien recibida. En Juntos por Cambio estamos todos unidos, trabajando un programa nacional de unidad. Algunas veces hay alg\u00fan que otro debate, pero los debates son parte del crecimiento. No le tenemos miedo a discutir cu\u00e1l es nuestro perfil.  Nosotros creemos que el perfil de Juntos por el Cambio tiene que ser n\u00edtido, claro. Somos una fuerza republicana, democr\u00e1tica, que tiene una \u00e9tica muy clara. Tenemos una convicci\u00f3n de un cambio en el que las personas tienen que estar y sentirse libres.\u201d.<\/p>\n<p>\u201cMa\u00f1ana se cumplen dos a\u00f1os de cuando salimos a la calle a pedir libertad. Ac\u00e1 est\u00e1n los formose\u00f1os, que vinieron a recibirme aqu\u00ed en el Chaco porque no tengo esta vez posibilidad de ir hasta Formosa, donde son\u00f3 tan fuerte el grito de libertad. Nosotros estamos en contra del capitalismo de amigos, del capitalismo prebendario, de todos aquellos que usufruct\u00faan del Estado. As\u00ed que esas son las banderas de JXC y en esa direcci\u00f3n vamos, con mucho coraje.\u201d, finaliz\u00f3 diciendo.<\/p>\n<p>La Presidenta del PRO nacional, Patricia Bullrich, viaj\u00f3 este martes a la ciudad de Resistencia, Chaco, donde realiz\u00f3 actividades en horas de la ma\u00f1ana. A la dirigente nacional la acompa\u00f1an en su viaje Dami\u00e1n Arabia, Sebasti\u00e1n Garc\u00eda de Luca y Juan Curuchet. A su arribo a la capital Chaque\u00f1a, se sumaron dirigentes locales Natalia Alario, Nelson Alario, Leila Awada, Diego Jara, Maril\u00fa Quiroz, Adriana Segovia, y Silvana Zago, entre otros, para ser parte de una caminata por el centro de la ciudad junto a militantes y dirigentes.<\/p>\n<p>Una vez finalizadas las actividades, Bullrich se traslad\u00f3 a Corrientes en donde invitada por el gobernador Gustavo Vald\u00e9s, adem\u00e1s de reunirse con referentes locales del PRO y p\u00fablico en general, tiene previsto estar en Yapey\u00fa, como parte del 172\u00ba aniversario del fallecimiento del General Jos\u00e9 Francisco de San Mart\u00edn.<\/p>\n","protected":false},"excerpt":{"rendered":"<p>Bullrich en un recorrido por la ciudad de Resistencia afirm\u00f3: \u201cVinimos a Chaco acompa\u00f1ando a nuestra dirigencia y tambi\u00e9n a toda nuestra militancia joven y como siempre que vengo al Chaco, tan bien recibida. En Juntos por Cambio estamos todos unidos, trabajando un programa nacional de unidad. Algunas veces hay alg\u00fan que otro debate, pero [&hellip;]<\/p>\n","protected":false},"author":1,"featured_media":16800,"comment_status":"closed","ping_status":"closed","sticky":false,"template":"","format":"standard","meta":{"footnotes":""},"categories":[6],"tags":[],"class_list":{"0":"post-16799","1":"post","2":"type-post","3":"status-publish","4":"format-standard","5":"has-post-thumbnail","7":"category-chaco"},"_links":{"self":[{"href":"https:\/\/chacosintesis.com.ar\/index.php\/wp-json\/wp\/v2\/posts\/16799","targetHints":{"allow":["GET"]}}],"collection":[{"href":"https:\/\/chacosintesis.com.ar\/index.php\/wp-json\/wp\/v2\/posts"}],"about":[{"href":"https:\/\/chacosintesis.com.ar\/index.php\/wp-json\/wp\/v2\/types\/post"}],"author":[{"embeddable":true,"href":"https:\/\/chacosintesis.com.ar\/index.php\/wp-json\/wp\/v2\/users\/1"}],"replies":[{"embeddable":true,"href":"https:\/\/chacosintesis.com.ar\/index.php\/wp-json\/wp\/v2\/comments?post=16799"}],"version-history":[{"count":0,"href":"https:\/\/chacosintesis.com.ar\/index.php\/wp-json\/wp\/v2\/posts\/16799\/revisions"}],"wp:featuredmedia":[{"embeddable":true,"href":"https:\/\/chacosintesis.com.ar\/index.php\/wp-json\/wp\/v2\/media\/16800"}],"wp:attachment":[{"href":"https:\/\/chacosintesis.com.ar\/index.php\/wp-json\/wp\/v2\/media?parent=16799"}],"wp:term":[{"taxonomy":"category","embeddable":true,"href":"https:\/\/chacosintesis.com.ar\/index.php\/wp-json\/wp\/v2\/categories?post=16799"},{"taxonomy":"post_tag","embeddable":true,"href":"https:\/\/chacosintesis.com.ar\/index.php\/wp-json\/wp\/v2\/tags?post=16799"}],"curies":[{"name":"wp","href":"https:\/\/api.w.org\/{rel}","templated":true}]}}