{"id":16797,"date":"2022-08-16T20:05:28","date_gmt":"2022-08-16T23:05:28","guid":{"rendered":"https:\/\/chacosintesis.com.ar\/?p=16797"},"modified":"2022-08-16T20:07:02","modified_gmt":"2022-08-16T23:07:02","slug":"becas-progresar-inscripciones-disponibles-hasta-el-31-de-agosto","status":"publish","type":"post","link":"https:\/\/chacosintesis.com.ar\/index.php\/becas-progresar-inscripciones-disponibles-hasta-el-31-de-agosto\/","title":{"rendered":"Becas Progresar: inscripciones disponibles hasta el 31 de agosto"},"content":{"rendered":"<p>Este mi\u00e9rcoles 17, habr\u00e1 un stand del Ministerio de Educaci\u00f3n de la provincia para consultas e informaci\u00f3n, en el campus universitario de la UNNE.<br \/>\n El Ministerio de Educaci\u00f3n de la Naci\u00f3n recuerda que, hasta el mi\u00e9rcoles 31 de agosto inclusive, se encuentra disponible la inscripci\u00f3n correspondiente a la segunda convocatoria de las Becas Progresar, para todas las l\u00edneas del programa.<br \/>\n&#8220;Las condiciones son iguales a las anteriores&#8221;, indic\u00f3 Luis Robles coordinador provincial del programa y coment\u00f3 que, hasta la fecha, Chaco cuenta con 66 mil personas beneficiarias.<br \/>\nLas y los estudiantes de entre 16 a 24 a\u00f1os, pueden acceder al beneficio de finalizaci\u00f3n de educaci\u00f3n obligatoria o para iniciar su formaci\u00f3n profesional o su educaci\u00f3n superior. Para ello deber\u00e1n acreditar identidad, mediante Documento Nacional de Identidad, ser argentino nativo o argentina nativa (o por opci\u00f3n o residente con una residencia legal en el pa\u00eds no inferior a dos a\u00f1os previos a la solicitud).<br \/>\nEn tanto, para cursar educaci\u00f3n superior o un curso de formaci\u00f3n profesional, se deber\u00e1 tambi\u00e9n acreditar identidad, asistencia a una educaci\u00f3n p\u00fablica y ser argentino nativo o argentina nativa, o por opci\u00f3n, o residente legal en el pa\u00eds no inferior a cinco a\u00f1os previos a la solicitud.<br \/>\nLa inscripci\u00f3n se podr\u00e1 realizar hasta el 31 de agosto a trav\u00e9s de la web <a href=\"https:\/\/www.argentina.gob.ar\/educacion\/progresar\">www.argentina.gob.ar\/educacion\/progresar<\/a>.<br \/>\nEste mi\u00e9rcoles 17, inscripciones en el comedor de la UNNE<br \/>\nEste mi\u00e9rcoles 17, de 9 a 13, habr\u00e1 un stand del Ministerio de Educaci\u00f3n de la provincia, realizando inscripciones a estudiantes interesados en acceder a la beca.<br \/>\nEl puesto se encontrar\u00e1 en el campus UNNE (zona comedor) en avenida Las Heras 727 de la ciudad de Resistencia.<\/p>\n","protected":false},"excerpt":{"rendered":"<p>Este mi\u00e9rcoles 17, habr\u00e1 un stand del Ministerio de Educaci\u00f3n de la provincia para consultas e informaci\u00f3n, en el campus universitario de la UNNE. El Ministerio de Educaci\u00f3n de la Naci\u00f3n recuerda que, hasta el mi\u00e9rcoles 31 de agosto inclusive, se encuentra disponible la inscripci\u00f3n correspondiente a la segunda convocatoria de las Becas Progresar, para [&hellip;]<\/p>\n","protected":false},"author":1,"featured_media":16798,"comment_status":"closed","ping_status":"closed","sticky":false,"template":"","format":"standard","meta":{"footnotes":""},"categories":[6],"tags":[],"class_list":{"0":"post-16797","1":"post","2":"type-post","3":"status-publish","4":"format-standard","5":"has-post-thumbnail","7":"category-chaco"},"_links":{"self":[{"href":"https:\/\/chacosintesis.com.ar\/index.php\/wp-json\/wp\/v2\/posts\/16797","targetHints":{"allow":["GET"]}}],"collection":[{"href":"https:\/\/chacosintesis.com.ar\/index.php\/wp-json\/wp\/v2\/posts"}],"about":[{"href":"https:\/\/chacosintesis.com.ar\/index.php\/wp-json\/wp\/v2\/types\/post"}],"author":[{"embeddable":true,"href":"https:\/\/chacosintesis.com.ar\/index.php\/wp-json\/wp\/v2\/users\/1"}],"replies":[{"embeddable":true,"href":"https:\/\/chacosintesis.com.ar\/index.php\/wp-json\/wp\/v2\/comments?post=16797"}],"version-history":[{"count":0,"href":"https:\/\/chacosintesis.com.ar\/index.php\/wp-json\/wp\/v2\/posts\/16797\/revisions"}],"wp:featuredmedia":[{"embeddable":true,"href":"https:\/\/chacosintesis.com.ar\/index.php\/wp-json\/wp\/v2\/media\/16798"}],"wp:attachment":[{"href":"https:\/\/chacosintesis.com.ar\/index.php\/wp-json\/wp\/v2\/media?parent=16797"}],"wp:term":[{"taxonomy":"category","embeddable":true,"href":"https:\/\/chacosintesis.com.ar\/index.php\/wp-json\/wp\/v2\/categories?post=16797"},{"taxonomy":"post_tag","embeddable":true,"href":"https:\/\/chacosintesis.com.ar\/index.php\/wp-json\/wp\/v2\/tags?post=16797"}],"curies":[{"name":"wp","href":"https:\/\/api.w.org\/{rel}","templated":true}]}}