{"id":16787,"date":"2022-08-15T21:39:48","date_gmt":"2022-08-16T00:39:48","guid":{"rendered":"https:\/\/chacosintesis.com.ar\/?p=16787"},"modified":"2022-08-15T22:07:28","modified_gmt":"2022-08-16T01:07:28","slug":"agenda-intensa-con-multiples-reuniones-y-suscripcion-de-convenios-de-capitanich-en-buenos-aires","status":"publish","type":"post","link":"https:\/\/chacosintesis.com.ar\/index.php\/agenda-intensa-con-multiples-reuniones-y-suscripcion-de-convenios-de-capitanich-en-buenos-aires\/","title":{"rendered":"Agenda intensa con m\u00faltiples reuniones y suscripci\u00f3n de convenios de Capitanich en Buenos Aires"},"content":{"rendered":"<p>Rubricar\u00e1 acuerdos con la Organizaci\u00f3n de las Naciones Unidas para la Alimentaci\u00f3n y la Agricultura (FAO), con el canciller Santiago Cafiero, con la Afip, con YPF, con el Banco Credicoop y con el ministro \u201cWado\u201d De Pedro. A su vez, mantendr\u00e1 un encuentro con el ministro de Econom\u00eda, Producci\u00f3n y Agricultura, Sergio Massa.<\/p>\n<p> El gobernador Jorge Capitanich desarrollar\u00e1 una intensa agenda de trabajo en la Ciudad Aut\u00f3noma de Buenos Aires este martes 16 de agosto. En la oportunidad, rubricar\u00e1 un convenio para el financiamiento de la pavimentaci\u00f3n de la ruta entre Chorotis y Venados Grandes, otro con YPF para optimizar el uso de combustibles de las flota del Estado provincial con control en tiempo real, otro con el Banco Credicoop para la ampliaci\u00f3n del alcance de los S\u00faper Descuentos con tarjetas de cr\u00e9ditos, uno con la Afip y otro con la Organizaci\u00f3n de las Naciones Unidas para la Alimentaci\u00f3n y la Agricultura (FAO), entre otros.<br \/>\nLas reuniones iniciar\u00e1n a las 9 con el canciller Santiago Cafiero, y con el representante regional de la FAO para Am\u00e9rica Latina y El Caribe, Mario Lubetkin. Se trata del convenio previamente acordado con las m\u00e1ximas autoridades del organismo de la ONU cuando el gobernador viaj\u00f3 a Italia este a\u00f1o: la idea central es desarrollar un sistema de cooperaci\u00f3n en estad\u00edsticas agr\u00edcolas, seguridad alimentaria, agricultura familiar y enfoque multidimensional de la pobreza.<br \/>\nLuego, desde las 10, el mandatario suscribir\u00e1 el convenio &#8220;Accionar Identidad&#8221; con el Consejo Nacional de Pol\u00edticas Sociales, que permitir\u00e1 agilizar los tr\u00e1mites judiciales de inscripci\u00f3n tard\u00eda de la identidad de ni\u00f1os, ni\u00f1as y adolescentes. Se constituir\u00e1 una mesa interprovincial que nuclear\u00e1 a diferentes organismos e instituciones de la provincia para diagramar un plan de acci\u00f3n que garantice el derecho a la identidad a aquellas chicas y chicos cuyos nacimientos no hayan sido inscriptos en los registros p\u00fablicos correspondientes.<br \/>\nM\u00e1s tarde, Capitanich suscribir\u00e1 un convenio con el Consejo Nacional de Pol\u00edticas Sociales (CFI) para un programa de cooperaci\u00f3n con emprendedores para la promoci\u00f3n de la producci\u00f3n, el turismo sustentable y el desarrollo de las industrias culturales. En este caso, las partes se comprometen a llevar adelante acciones de apoyo, est\u00edmulo y fortalecimiento para la promoci\u00f3n de la producci\u00f3n en todos sus aspectos, con especial \u00e9nfasis en la participaci\u00f3n e involucramiento de los municipios y comunidades locales. El objetivo es avanzar en la generaci\u00f3n de empleo genuino, el aumento de la productividad y competitividad hacia la construcci\u00f3n de sociedades m\u00e1s inclusivas y con mayor calidad de vida. Para su implementaci\u00f3n, el Consejo Federal de Inversiones (CFI) aportar\u00e1 hasta 170 millones de pesos. Ambos encuentros se desarrollar\u00e1n en el Palacio San Mart\u00edn.<br \/>\nCon YPF<br \/>\nA las 11, se firmar\u00e1 un convenio con el presidente de YPF, Pablo Gonz\u00e1lez para la transparencia del uso de los gastos de combustible de toda la flota del Estado provincial. \u201cIncluye a las ambulancias, a los m\u00f3viles policiales y de todos los autos del Poder Ejecutivo. Se pondr\u00e1 un GPS y un control para el combustible en tiempo real, para saber d\u00f3nde y cu\u00e1ndo cargan. A su vez un control estricto del uso de cada m\u00f3vil provincial\u201d, adelant\u00f3 el ministro de Planificaci\u00f3n, Econom\u00eda e Infraestructura, Santiago P\u00e9rez Pons.<br \/>\n\u201cAhorr\u00e1 con Credicoop\u201d<br \/>\nA su vez, el titular del Ejecutivo provincial rubricar\u00e1 \u2013a las 11,30- un convenio con Carlos Heller, presidente del Banco Credicoop Cooperativo Limitado con el objeto que la entidad financiera y la Provincia lleven a adelante un programa especial de beneficios con el objeto de fomentar el consumo en los comercios que tengan su domicilio en el Chaco, y promover al desarrollo de las econom\u00edas regionales. As\u00ed, las partes acordar\u00e1n llevar a cabo un Programa para otorgar beneficios a los titulares y titulares adicionales de las Tarjetas de Cr\u00e9dito Cabal y Cabal D\u00e9bito emitidas por el Banco y que realicen consumos con dicha herramienta en los comercios adheridos al Programa. En tanto, la adhesi\u00f3n de los comercios al Programa ser\u00e1 realizada por El Banco y los beneficios que se acuerden bajo el presente Convenio tendr\u00e1n por objeto otorgar a los usuarios un reintegro sobre el valor de los consumos realizados con las Tarjetas. \u201cLa firme del convenio con Carlos Heller permitir\u00e1 a la provincia del Chaco amplia los S\u00faper Descuentos tambi\u00e9n a los titulares de tarjetas de este Banco, que particularmente son jubiladas y jubilados. As\u00ed, tendremos descuentos con la Tarjeta Tuya, tarjetas del Banco Naci\u00f3n y ahora con las del Credicoop tambi\u00e9n\u201d, agreg\u00f3 P\u00e9rez Pons.<br \/>\nA su vez, suscribir\u00e1 un convenio de colaboraci\u00f3n con la Afip con el objeto de profundizar los compromisos mutuos y sus v\u00ednculos a trav\u00e9s de planes de acciones, con el fin de optimizar la gesti\u00f3n y afirmar su fortalecimiento institucional, continuando las acciones de colaboraci\u00f3n que vienen ejecutando hasta la actualidad. Participar\u00e1n adem\u00e1s del gobernador, el fiscal de Estado,  Roberto Alejandro Herlein; la Administraci\u00f3n Tributaria Provincial (ATP), representada por el administrador general Jorge Danilo Gualtieri y por la Administraci\u00f3n Federal de Ingresos P\u00fablicos, Carlos Daniel Castagneto.<br \/>\nM\u00e1s rutas pavimentadas y con Massa<br \/>\nJunto al ministro del Interior, Eduardo \u201cWado\u201d De Pedro, Capitanich suscribir\u00e1 \u2013desde las 12,30- el acta-acuerdo por el financiamiento por unos 6 millones y a trav\u00e9s del Fondo Fiduciario Federal de Infraestructura Regional para la pavimentaci\u00f3n de la ruta entre Venados Grandes y Chorotis. De la actividad tambi\u00e9n participar\u00e1 el intendente Marcelo Bodnarczuk.<br \/>\nPor \u00faltimo, a las 17, tendr\u00e1 una reuni\u00f3n con el ministro Sergio Massa, con el objeto de avanzar en la suscripci\u00f3n de un convenio para el saneamiento de la deuda de Secheep con Cammesa. Adem\u00e1s, el mandatario presentar\u00e1 ante la Secretar\u00eda de Energ\u00eda una serie de proyectos para financiar hasta 200 mv de energ\u00eda solar, destinados a diferentes localidades chaque\u00f1as.<\/p>\n","protected":false},"excerpt":{"rendered":"<p>Rubricar\u00e1 acuerdos con la Organizaci\u00f3n de las Naciones Unidas para la Alimentaci\u00f3n y la Agricultura (FAO), con el canciller Santiago Cafiero, con la Afip, con YPF, con el Banco Credicoop y con el ministro \u201cWado\u201d De Pedro. A su vez, mantendr\u00e1 un encuentro con el ministro de Econom\u00eda, Producci\u00f3n y Agricultura, Sergio Massa. El gobernador [&hellip;]<\/p>\n","protected":false},"author":1,"featured_media":16788,"comment_status":"closed","ping_status":"closed","sticky":false,"template":"","format":"standard","meta":{"footnotes":""},"categories":[6],"tags":[],"class_list":{"0":"post-16787","1":"post","2":"type-post","3":"status-publish","4":"format-standard","5":"has-post-thumbnail","7":"category-chaco"},"_links":{"self":[{"href":"https:\/\/chacosintesis.com.ar\/index.php\/wp-json\/wp\/v2\/posts\/16787","targetHints":{"allow":["GET"]}}],"collection":[{"href":"https:\/\/chacosintesis.com.ar\/index.php\/wp-json\/wp\/v2\/posts"}],"about":[{"href":"https:\/\/chacosintesis.com.ar\/index.php\/wp-json\/wp\/v2\/types\/post"}],"author":[{"embeddable":true,"href":"https:\/\/chacosintesis.com.ar\/index.php\/wp-json\/wp\/v2\/users\/1"}],"replies":[{"embeddable":true,"href":"https:\/\/chacosintesis.com.ar\/index.php\/wp-json\/wp\/v2\/comments?post=16787"}],"version-history":[{"count":0,"href":"https:\/\/chacosintesis.com.ar\/index.php\/wp-json\/wp\/v2\/posts\/16787\/revisions"}],"wp:featuredmedia":[{"embeddable":true,"href":"https:\/\/chacosintesis.com.ar\/index.php\/wp-json\/wp\/v2\/media\/16788"}],"wp:attachment":[{"href":"https:\/\/chacosintesis.com.ar\/index.php\/wp-json\/wp\/v2\/media?parent=16787"}],"wp:term":[{"taxonomy":"category","embeddable":true,"href":"https:\/\/chacosintesis.com.ar\/index.php\/wp-json\/wp\/v2\/categories?post=16787"},{"taxonomy":"post_tag","embeddable":true,"href":"https:\/\/chacosintesis.com.ar\/index.php\/wp-json\/wp\/v2\/tags?post=16787"}],"curies":[{"name":"wp","href":"https:\/\/api.w.org\/{rel}","templated":true}]}}