{"id":16783,"date":"2022-08-15T21:33:51","date_gmt":"2022-08-16T00:33:51","guid":{"rendered":"https:\/\/chacosintesis.com.ar\/?p=16783"},"modified":"2022-08-15T21:37:38","modified_gmt":"2022-08-16T00:37:38","slug":"aseguran-que-la-bajante-del-rio-parana-es-la-mas-larga-de-la-historia-y-continuara-hasta-fin-de-ano","status":"publish","type":"post","link":"https:\/\/chacosintesis.com.ar\/index.php\/aseguran-que-la-bajante-del-rio-parana-es-la-mas-larga-de-la-historia-y-continuara-hasta-fin-de-ano\/","title":{"rendered":"Aseguran que la bajante del r\u00edo Paran\u00e1 es la m\u00e1s larga de la historia y continuar\u00e1 hasta fin de a\u00f1o"},"content":{"rendered":"<p>El r\u00edo Paran\u00e1 se mantiene muy por debajo de sus niveles normales y desde el Instituto Nacional del Agua (INA) aseguran que esa situaci\u00f3n permanecer\u00e1 \u201cal menos hasta el \u00faltimo bimestre del 2022\u201d. \u201cLa bajante afect\u00f3 la fauna \u00edctica al dejar seco el valle de inundaci\u00f3n (donde los peces se refugian, alimentan, reproducen y crecen)\u201d, indicaron.<\/p>\n<p>El r\u00edo Paran\u00e1 contin\u00faa descendiendo su altura en varios puertos desde mediados de junio, se mantiene muy por debajo de sus niveles normales y de los l\u00edmites de aguas bajas desde principios del 2020, y el Instituto Nacional del Agua (INA) asegur\u00f3 que esa situaci\u00f3n permanecer\u00e1 al menos hasta el \u00faltimo bimestre del 2022.<br \/>\nLa bajante hist\u00f3rica tuvo su inicio en marzo del 2020, un a\u00f1o m\u00e1s tarde recuper\u00f3 una tendencia alcista sin alcanzar su normalidad, volvi\u00f3 a caer a fines del 2021, y provoc\u00f3 notorios cambios en la vida ambiental, econ\u00f3mica, productiva y social entrerriana.<br \/>\nDe caracter\u00edsticas extraordinarias por su &#8220;magnitud y persistencia&#8221;, la bajante fue calificada como el estiaje &#8220;m\u00e1s largo de la historia&#8221; ( desde 1884) y &#8220;seguir\u00e1 siendo motivo de especial monitoreo&#8221;, advirti\u00f3 el INA.<br \/>\nSi bien podr\u00edan registrarse lapsos con una recuperaci\u00f3n &#8220;acotada y ef\u00edmera&#8221;, hasta al menos el 31 de octubre del 2022 no se espera un &#8220;r\u00e1pido retorno a la normalidad, con probabilidad de extenderse durante el \u00faltimo bimestre del a\u00f1o&#8221;.<br \/>\nPara registrar una situaci\u00f3n peor a esta bajante, hay que remontarse a 1944. Este lunes, la Administraci\u00f3n Provincial del Agua (APA) inform\u00f3 que la altura del r\u00edo en el puerto Barranqueras era de 1,84 metros, cuando el promedio alcanza los 3,12 metros, pero el organismo nacional proyecta, para la pr\u00f3xima semana una nueva baja en el nivel del r\u00edo por lo que se ubicar\u00eda en 1,31 metros, aproximadamente.<br \/>\nLas escasas lluvias en el delta del Paran\u00e1 mantienen las condiciones de sequ\u00eda en esa regi\u00f3n, con un caudal del r\u00edo cercano a los 10.100 metros c\u00fabicos por segundo, y continuar\u00e1 con niveles fluviales &#8220;muy bajos y muy por debajo de los niveles normales&#8221;.<br \/>\nLa bajante afect\u00f3 la fauna \u00edctica al dejar seco el valle de inundaci\u00f3n (donde los peces se refugian, alimentan, reproducen y crecen); produjo inconvenientes en el riego de cultivos y complic\u00f3 las producciones industriales que necesitan captar agua.<br \/>\nTambi\u00e9n acrecent\u00f3 los problemas de incendios en las islas y los de contaminaci\u00f3n del agua, ya que se redujo la capacidad del r\u00edo de diluci\u00f3n de los afluentes crudos o industriales.<\/p>\n<p>Fuente: T\u00e9lam y Agencia FOCO.<\/p>\n","protected":false},"excerpt":{"rendered":"<p>El r\u00edo Paran\u00e1 se mantiene muy por debajo de sus niveles normales y desde el Instituto Nacional del Agua (INA) aseguran que esa situaci\u00f3n permanecer\u00e1 \u201cal menos hasta el \u00faltimo bimestre del 2022\u201d. \u201cLa bajante afect\u00f3 la fauna \u00edctica al dejar seco el valle de inundaci\u00f3n (donde los peces se refugian, alimentan, reproducen y crecen)\u201d, [&hellip;]<\/p>\n","protected":false},"author":1,"featured_media":16784,"comment_status":"closed","ping_status":"closed","sticky":false,"template":"","format":"standard","meta":{"footnotes":""},"categories":[6],"tags":[],"class_list":{"0":"post-16783","1":"post","2":"type-post","3":"status-publish","4":"format-standard","5":"has-post-thumbnail","7":"category-chaco"},"_links":{"self":[{"href":"https:\/\/chacosintesis.com.ar\/index.php\/wp-json\/wp\/v2\/posts\/16783","targetHints":{"allow":["GET"]}}],"collection":[{"href":"https:\/\/chacosintesis.com.ar\/index.php\/wp-json\/wp\/v2\/posts"}],"about":[{"href":"https:\/\/chacosintesis.com.ar\/index.php\/wp-json\/wp\/v2\/types\/post"}],"author":[{"embeddable":true,"href":"https:\/\/chacosintesis.com.ar\/index.php\/wp-json\/wp\/v2\/users\/1"}],"replies":[{"embeddable":true,"href":"https:\/\/chacosintesis.com.ar\/index.php\/wp-json\/wp\/v2\/comments?post=16783"}],"version-history":[{"count":0,"href":"https:\/\/chacosintesis.com.ar\/index.php\/wp-json\/wp\/v2\/posts\/16783\/revisions"}],"wp:featuredmedia":[{"embeddable":true,"href":"https:\/\/chacosintesis.com.ar\/index.php\/wp-json\/wp\/v2\/media\/16784"}],"wp:attachment":[{"href":"https:\/\/chacosintesis.com.ar\/index.php\/wp-json\/wp\/v2\/media?parent=16783"}],"wp:term":[{"taxonomy":"category","embeddable":true,"href":"https:\/\/chacosintesis.com.ar\/index.php\/wp-json\/wp\/v2\/categories?post=16783"},{"taxonomy":"post_tag","embeddable":true,"href":"https:\/\/chacosintesis.com.ar\/index.php\/wp-json\/wp\/v2\/tags?post=16783"}],"curies":[{"name":"wp","href":"https:\/\/api.w.org\/{rel}","templated":true}]}}