{"id":16760,"date":"2022-08-12T22:49:19","date_gmt":"2022-08-13T01:49:19","guid":{"rendered":"https:\/\/chacosintesis.com.ar\/?p=16760"},"modified":"2022-08-12T23:06:43","modified_gmt":"2022-08-13T02:06:43","slug":"tirol-termino-detenido-tras-intentar-usurpar-una-casa-y-amenazar-con-prenderla-fuego","status":"publish","type":"post","link":"https:\/\/chacosintesis.com.ar\/index.php\/tirol-termino-detenido-tras-intentar-usurpar-una-casa-y-amenazar-con-prenderla-fuego\/","title":{"rendered":"Tirol: Termin\u00f3 detenido tras intentar usurpar una casa y amenazar con prenderla fuego"},"content":{"rendered":"<p>Ocurri\u00f3 este viernes, cuando los polic\u00edas intentaban retirar las pertenencias del ocupante de la vivienda. El hombre, de 44 a\u00f1os, tom\u00f3 una garrafa y aseguraba estar dispuesto hacerla estallar. El COE logr\u00f3 neutralizarlo justo a tiempo y el episodio termin\u00f3 sin personas lesionadas<\/p>\n<p>Momentos de m\u00e1xima tensi\u00f3n se vivieron este viernes en Puerto Tirol, cuando un hombre de 44 a\u00f1os, acusado de ocupar irregularmente una vivienda, intent\u00f3 resistir el desalojo prendiendo fuego la casa con \u00e9l adentro. La causa era por una \u201csupuesta usurpaci\u00f3n\u201d, y los efectivos de la Comisar\u00eda de Puerto Tirol ten\u00edan una orden de allanamiento para retirar las pertenencias del presunto ocupante ilegal.<br \/>\nEn el lugar un hombre de 44 a\u00f1os, dos mujeres y tres j\u00f3venes menores de edad rompieron el per\u00edmetro policial. Entre insultos y amenazas, el mayor entr\u00f3 a la casa, se encerr\u00f3 y amenaz\u00f3 con hacer estallar una garrafa. Los efectivos de la comisar\u00eda local esperaron hasta las 10:30 a que el hombre se retire voluntariamente, pero ya hab\u00edan llamado a refuerzos del Cuerpo Operaciones Especiales para darles intervenci\u00f3n.<br \/>\nEl plazo se cumpli\u00f3 y el grupo t\u00e1ctico del C.O.E. neutraliz\u00f3 al hombre que ya hab\u00eda abierto la garrafa y prendido el encendedor. Todo fue controlado gracias a los efectivos y el hombre qued\u00f3 aprehendido por \u201csupuesta resistencia y atentado contra la autoridad y desobediencia judicial\u201d.<\/p>\n","protected":false},"excerpt":{"rendered":"<p>Ocurri\u00f3 este viernes, cuando los polic\u00edas intentaban retirar las pertenencias del ocupante de la vivienda. El hombre, de 44 a\u00f1os, tom\u00f3 una garrafa y aseguraba estar dispuesto hacerla estallar. El COE logr\u00f3 neutralizarlo justo a tiempo y el episodio termin\u00f3 sin personas lesionadas Momentos de m\u00e1xima tensi\u00f3n se vivieron este viernes en Puerto Tirol, cuando [&hellip;]<\/p>\n","protected":false},"author":1,"featured_media":16761,"comment_status":"closed","ping_status":"closed","sticky":false,"template":"","format":"standard","meta":{"footnotes":""},"categories":[6],"tags":[],"class_list":{"0":"post-16760","1":"post","2":"type-post","3":"status-publish","4":"format-standard","5":"has-post-thumbnail","7":"category-chaco"},"_links":{"self":[{"href":"https:\/\/chacosintesis.com.ar\/index.php\/wp-json\/wp\/v2\/posts\/16760","targetHints":{"allow":["GET"]}}],"collection":[{"href":"https:\/\/chacosintesis.com.ar\/index.php\/wp-json\/wp\/v2\/posts"}],"about":[{"href":"https:\/\/chacosintesis.com.ar\/index.php\/wp-json\/wp\/v2\/types\/post"}],"author":[{"embeddable":true,"href":"https:\/\/chacosintesis.com.ar\/index.php\/wp-json\/wp\/v2\/users\/1"}],"replies":[{"embeddable":true,"href":"https:\/\/chacosintesis.com.ar\/index.php\/wp-json\/wp\/v2\/comments?post=16760"}],"version-history":[{"count":0,"href":"https:\/\/chacosintesis.com.ar\/index.php\/wp-json\/wp\/v2\/posts\/16760\/revisions"}],"wp:featuredmedia":[{"embeddable":true,"href":"https:\/\/chacosintesis.com.ar\/index.php\/wp-json\/wp\/v2\/media\/16761"}],"wp:attachment":[{"href":"https:\/\/chacosintesis.com.ar\/index.php\/wp-json\/wp\/v2\/media?parent=16760"}],"wp:term":[{"taxonomy":"category","embeddable":true,"href":"https:\/\/chacosintesis.com.ar\/index.php\/wp-json\/wp\/v2\/categories?post=16760"},{"taxonomy":"post_tag","embeddable":true,"href":"https:\/\/chacosintesis.com.ar\/index.php\/wp-json\/wp\/v2\/tags?post=16760"}],"curies":[{"name":"wp","href":"https:\/\/api.w.org\/{rel}","templated":true}]}}