{"id":16737,"date":"2022-08-10T19:39:51","date_gmt":"2022-08-10T22:39:51","guid":{"rendered":"https:\/\/chacosintesis.com.ar\/?p=16737"},"modified":"2022-08-10T20:06:37","modified_gmt":"2022-08-10T23:06:37","slug":"en-su-sexta-visita-como-presidente-llega-alberto-fernandez-para-inaugurar-obras","status":"publish","type":"post","link":"https:\/\/chacosintesis.com.ar\/index.php\/en-su-sexta-visita-como-presidente-llega-alberto-fernandez-para-inaugurar-obras\/","title":{"rendered":"En su sexta visita como Presidente, llega Alberto Fern\u00e1ndez para inaugurar obras"},"content":{"rendered":"<p>Junto al gobernador Jorge Capitanich, se entregar\u00e1n 100 viviendas en Villa \u00c1ngela.<br \/>\n El presidente de la Naci\u00f3n, Alberto Fern\u00e1ndez llegar\u00e1 al Chaco este jueves 11 de agosto para inaugurar obras en Villa \u00c1ngela. Durante la ma\u00f1ana, ser\u00e1 recibido por el gobernador Jorge Capitanich y dem\u00e1s autoridades provinciales, para participar \u2013desde las 11- del acto de inauguraci\u00f3n de un total de 100 viviendas en Villa \u00c1ngela.<br \/>\nSer\u00e1 la sexta vez que Alberto Fern\u00e1ndez visite el Chaco como titular del Ejecutivo nacional, ya que estuvo el 28 mayo de 2022 en el acto de institucionalizaci\u00f3n del Frente de Todos Chaco y anteriormente el 2 de septiembre de 2021 en el marco del D\u00eda de la Industria. La tercera vez que vino al Chaco fue el 20 de julio de 2021 para la inauguraci\u00f3n del tramo final de la ruta provincial 7 y la segunda fue el 29 de abril del mismo a\u00f1o, para habilitar un tramo del acueducto de El Impenetrable. En tanto, la primera fue el 8 de enero de 2020 a La Leonesa.<br \/>\nEn Villa \u00c1ngela<br \/>\nDe la entrega de un total de 100 viviendas en Villa \u00c1ngela, ejecutadas con financiamiento nacional y provincial, participar\u00e1n adem\u00e1s la vicegobernadora Anal\u00eda Rach Quiroga, Anal\u00eda; el titular del Ipduv, Diego Ar\u00e9valo y el intendente local Adalberto Papp, entre otras autoridades. Las obras fueron divididas en cuatro grupos habitacionales (34, 16, 36 y 14 unidades) para una inversi\u00f3n total de $ 669.057.763,09 y la generaci\u00f3n de 150 puestos de trabajo.<br \/>\nEn este sentido, Ar\u00e9valo valor\u00f3 la decisi\u00f3n del presidente de la Naci\u00f3n, Alberto Fern\u00e1ndez de volver a la provincia a participar de la entrega de viviendas en Villa \u00c1ngela este jueves 11 y asegur\u00f3 que &#8220;lo que se va logrando es muy importante&#8221;. En ese sentido, record\u00f3 que las 100 viviendas a habilitar se suman a otras 50 que fueron entregadas y otras 100 m\u00e1s que est\u00e1n en proceso de ejecuci\u00f3n y licitaci\u00f3n.<\/p>\n","protected":false},"excerpt":{"rendered":"<p>Junto al gobernador Jorge Capitanich, se entregar\u00e1n 100 viviendas en Villa \u00c1ngela. El presidente de la Naci\u00f3n, Alberto Fern\u00e1ndez llegar\u00e1 al Chaco este jueves 11 de agosto para inaugurar obras en Villa \u00c1ngela. Durante la ma\u00f1ana, ser\u00e1 recibido por el gobernador Jorge Capitanich y dem\u00e1s autoridades provinciales, para participar \u2013desde las 11- del acto de [&hellip;]<\/p>\n","protected":false},"author":1,"featured_media":16738,"comment_status":"closed","ping_status":"closed","sticky":false,"template":"","format":"standard","meta":{"footnotes":""},"categories":[6],"tags":[],"class_list":{"0":"post-16737","1":"post","2":"type-post","3":"status-publish","4":"format-standard","5":"has-post-thumbnail","7":"category-chaco"},"_links":{"self":[{"href":"https:\/\/chacosintesis.com.ar\/index.php\/wp-json\/wp\/v2\/posts\/16737","targetHints":{"allow":["GET"]}}],"collection":[{"href":"https:\/\/chacosintesis.com.ar\/index.php\/wp-json\/wp\/v2\/posts"}],"about":[{"href":"https:\/\/chacosintesis.com.ar\/index.php\/wp-json\/wp\/v2\/types\/post"}],"author":[{"embeddable":true,"href":"https:\/\/chacosintesis.com.ar\/index.php\/wp-json\/wp\/v2\/users\/1"}],"replies":[{"embeddable":true,"href":"https:\/\/chacosintesis.com.ar\/index.php\/wp-json\/wp\/v2\/comments?post=16737"}],"version-history":[{"count":0,"href":"https:\/\/chacosintesis.com.ar\/index.php\/wp-json\/wp\/v2\/posts\/16737\/revisions"}],"wp:featuredmedia":[{"embeddable":true,"href":"https:\/\/chacosintesis.com.ar\/index.php\/wp-json\/wp\/v2\/media\/16738"}],"wp:attachment":[{"href":"https:\/\/chacosintesis.com.ar\/index.php\/wp-json\/wp\/v2\/media?parent=16737"}],"wp:term":[{"taxonomy":"category","embeddable":true,"href":"https:\/\/chacosintesis.com.ar\/index.php\/wp-json\/wp\/v2\/categories?post=16737"},{"taxonomy":"post_tag","embeddable":true,"href":"https:\/\/chacosintesis.com.ar\/index.php\/wp-json\/wp\/v2\/tags?post=16737"}],"curies":[{"name":"wp","href":"https:\/\/api.w.org\/{rel}","templated":true}]}}