{"id":16735,"date":"2022-08-10T18:34:09","date_gmt":"2022-08-10T21:34:09","guid":{"rendered":"https:\/\/chacosintesis.com.ar\/?p=16735"},"modified":"2022-08-10T18:37:31","modified_gmt":"2022-08-10T21:37:31","slug":"diputados-de-distintas-bancadas-representaran-al-chaco-en-el-plenario-del-parlamento-del-norte-grande-en-jujuy","status":"publish","type":"post","link":"https:\/\/chacosintesis.com.ar\/index.php\/diputados-de-distintas-bancadas-representaran-al-chaco-en-el-plenario-del-parlamento-del-norte-grande-en-jujuy\/","title":{"rendered":"Diputados de distintas bancadas representar\u00e1n al Chaco en el plenario del Parlamento del Norte Grande en Jujuy"},"content":{"rendered":"<p>El Poder Legislativo del Chaco estar\u00e1 presente en el primer plenario del Parlamento del Norte Grande, que se realizar\u00e1 a partir de este jueves en San Salvador de Jujuy. La delegaci\u00f3n chaque\u00f1a, encabezada por la presidenta Elida Cuesta, est\u00e1 conformada por doce legisladoras y legisladores de distintas bancadas que participar\u00e1n de las distintas comisiones de trabajo junto a sus pares de otras nueve provincias del norte del pa\u00eds.<\/p>\n<p>El Chaco, Formosa, Corrientes y Misiones quedaron formalmente incorporadas al Parlamento del Norte Grande a fines de junio, cuando las y los vicegobernadores que integran la Mesa Ejecutiva del Parlamento del NOA rubricaron la hist\u00f3rica acta de integraci\u00f3n con las provincias del NEA. Adem\u00e1s de la titular de la Legislatura chaque\u00f1a, representar\u00e1n a la provincia Atlanto Honcheruk, Andrea Charole, Hugo Sager, Jessica Ayala, Rodrigo Ocampo, Zulma Galeano, Gustavo Corradi, Dorys Arkwright, Silvina Canteros Reiser y Juan Jos\u00e9 Bergia.<\/p>\n<p>\u201cRealmente es muy importante representar al Chaco en este plenario del que participar\u00e1n legisladoras y  legisladores de todas las provincias del norte y en el cual se abordar\u00e1n iniciativas vitales que beneficiar\u00e1n a la provincia\u201d, explic\u00f3 Cuesta.<\/p>\n<p>Adem\u00e1s, manifest\u00f3 que diputadas y diputados de las distintas bancadas pol\u00edticas participar\u00e1n de las doce comisiones ordinarias y permanentes que incluir\u00e1n tem\u00e1ticas esenciales como Asuntos Constitucionales y Legislaci\u00f3n General; Educaci\u00f3n, Modernizaci\u00f3n, Ciencia y T\u00e9cnica; Recursos Naturales, Miner\u00eda y Medio Ambiente; Industria, Comercio, Agricultura y Ganader\u00eda; Turismo, Deporte y Cultura; Obras, Infraestructura y Transporte; Salud, Prevenci\u00f3n e Inclusi\u00f3n; Seguridad, Justicia y Derechos Humanos; Derechos del Consumo, Usuarios y Servicios P\u00fablicos; G\u00e9nero, Mujer, Diversidad e Igualdad; Trabajo, Seguridad Social e Impuestos; y Econom\u00eda, Planificaci\u00f3n e Inversi\u00f3n.<\/p>\n","protected":false},"excerpt":{"rendered":"<p>El Poder Legislativo del Chaco estar\u00e1 presente en el primer plenario del Parlamento del Norte Grande, que se realizar\u00e1 a partir de este jueves en San Salvador de Jujuy. La delegaci\u00f3n chaque\u00f1a, encabezada por la presidenta Elida Cuesta, est\u00e1 conformada por doce legisladoras y legisladores de distintas bancadas que participar\u00e1n de las distintas comisiones de [&hellip;]<\/p>\n","protected":false},"author":1,"featured_media":16736,"comment_status":"closed","ping_status":"closed","sticky":false,"template":"","format":"standard","meta":{"footnotes":""},"categories":[6],"tags":[],"class_list":{"0":"post-16735","1":"post","2":"type-post","3":"status-publish","4":"format-standard","5":"has-post-thumbnail","7":"category-chaco"},"_links":{"self":[{"href":"https:\/\/chacosintesis.com.ar\/index.php\/wp-json\/wp\/v2\/posts\/16735","targetHints":{"allow":["GET"]}}],"collection":[{"href":"https:\/\/chacosintesis.com.ar\/index.php\/wp-json\/wp\/v2\/posts"}],"about":[{"href":"https:\/\/chacosintesis.com.ar\/index.php\/wp-json\/wp\/v2\/types\/post"}],"author":[{"embeddable":true,"href":"https:\/\/chacosintesis.com.ar\/index.php\/wp-json\/wp\/v2\/users\/1"}],"replies":[{"embeddable":true,"href":"https:\/\/chacosintesis.com.ar\/index.php\/wp-json\/wp\/v2\/comments?post=16735"}],"version-history":[{"count":0,"href":"https:\/\/chacosintesis.com.ar\/index.php\/wp-json\/wp\/v2\/posts\/16735\/revisions"}],"wp:featuredmedia":[{"embeddable":true,"href":"https:\/\/chacosintesis.com.ar\/index.php\/wp-json\/wp\/v2\/media\/16736"}],"wp:attachment":[{"href":"https:\/\/chacosintesis.com.ar\/index.php\/wp-json\/wp\/v2\/media?parent=16735"}],"wp:term":[{"taxonomy":"category","embeddable":true,"href":"https:\/\/chacosintesis.com.ar\/index.php\/wp-json\/wp\/v2\/categories?post=16735"},{"taxonomy":"post_tag","embeddable":true,"href":"https:\/\/chacosintesis.com.ar\/index.php\/wp-json\/wp\/v2\/tags?post=16735"}],"curies":[{"name":"wp","href":"https:\/\/api.w.org\/{rel}","templated":true}]}}