{"id":16721,"date":"2022-08-09T21:51:28","date_gmt":"2022-08-10T00:51:28","guid":{"rendered":"https:\/\/chacosintesis.com.ar\/?p=16721"},"modified":"2022-08-09T22:06:40","modified_gmt":"2022-08-10T01:06:40","slug":"presentan-el-boton-de-panico-digital-otra-herramienta-de-proteccion-para-enfrentar-la-violencia-por-razones-de-genero","status":"publish","type":"post","link":"https:\/\/chacosintesis.com.ar\/index.php\/presentan-el-boton-de-panico-digital-otra-herramienta-de-proteccion-para-enfrentar-la-violencia-por-razones-de-genero\/","title":{"rendered":"Presentan el Bot\u00f3n de P\u00e1nico Digital, otra herramienta de protecci\u00f3n para enfrentar la violencia por razones de g\u00e9nero"},"content":{"rendered":"<p>La actividad ser\u00e1 encabezada por el gobernador Capitanich junto a autoridades del Poder Ejecutivo, del Poder Judicial, del Ministerio P\u00fablico Fiscal y de la Polic\u00eda del Chaco.<br \/>\n Este martes 10 de agosto, a las 8, en el Sal\u00f3n Obligado, el gobierno provincial y el Poder Judicial presentar\u00e1n la aplicaci\u00f3n Bot\u00f3n de P\u00e1nico Digital y firmar\u00e1n un convenio para la implementaci\u00f3n, entrega y seguimiento de estos dispositivos de protecci\u00f3n. La actividad estar\u00e1 encabezada por el gobernador Jorge Capitanich, la vicegobernadora Anal\u00eda Rach Quiroga, la presidenta del Superior Tribunal de Justicia, Emilia Valle y el juez de ese m\u00e1ximo tribuna, V\u00edctor Del R\u00edo, adem\u00e1s de la ministra de Seguridad Gloria Zalazar y el procurador Jorge Canteros.<br \/>\nEl Bot\u00f3n de P\u00e1nico Digital es una herramienta tecnol\u00f3gica de vanguardia como medida de protecci\u00f3n para quienes enfrentan situaciones de violencia por razones de su g\u00e9nero, como complemento del actual sistema de Botones de P\u00e1nico que se encuentra vigente.<br \/>\nEl gobierno provincial, a trav\u00e9s de los distintos Ministerios y\/o \u00c1reas de Gobierno, afianza las pol\u00edticas de prevenci\u00f3n y erradicaci\u00f3n de violencia por motivos de g\u00e9neros.<br \/>\nDesde el Poder Ejecutivo explicaron que, ante la complejidad de la problem\u00e1tica, se requiere la construcci\u00f3n de un Estado presente con perspectiva de g\u00e9nero como eje transversal, que planifica acciones positivas como parte del dispositivo del sistema de protecci\u00f3n integral de las violencias por motivos de g\u00e9neros a trav\u00e9s del cual se pretenda el fortalecimiento de las pol\u00edticas p\u00fablicas enmarcadas en promover el dise\u00f1o de mecanismos eficaces para garantizar el acceso y aplicaci\u00f3n en todo el territorio provincial del principio de igualdad de oportunidades y de trato entre ciudadanos y ciudadanas chaque\u00f1os\/as.<br \/>\nTambi\u00e9n ser\u00e1n parte del acto de presentaci\u00f3n, el procurador general adjunto, Miguel Fonteina; autoridades del Ministerio de Seguridad de la provincia; Silvana P\u00e9rez, secretaria de Derechos Humanos y G\u00e9neros; los fiscales Jorge C\u00e1ceres Olivera, Nelia Vel\u00e1zquez, Daniela Meiri\u00f1o y Noelia Encinas; y el jefe de la Polic\u00eda del Chaco, Ariel Acu\u00f1a.<\/p>\n<p>Funcionamiento<\/p>\n<p>El Bot\u00f3n de P\u00e1nico Digital es una herramienta impulsada por el Ministerio de Seguridad y Justicia, a cargo de Gloria Zalzar. Se instala por orden judicial en celulares de personas en situaci\u00f3n de violencia de g\u00e9nero y solo funcionar\u00e1 en el Chaco. De esta manera, cuando la v\u00edctima se encuentre en una situaci\u00f3n de gravedad, presionando el pulsador SOS env\u00eda una se\u00f1al de alerta al 911.<br \/>\nA su vez, al activar la se\u00f1al SOS, la aplicaci\u00f3n permite dar una alerta y localizaci\u00f3n georreferenciada ubicando de forma r\u00e1pida el lugar donde se encuentra la persona puls\u00f3 el bot\u00f3n para asistirle de forma urgente. As\u00ed, las v\u00edctimas recibir\u00e1n respuestas r\u00e1pidas y concretas de protecci\u00f3n de parte del 911 de la Polic\u00eda del Chaco.<\/p>\n<p>Convenio<\/p>\n<p>En el marco de la presentaci\u00f3n, el Superior Tribunal de Justicia de la Provincia, el Ministerio P\u00fablico Fiscal y el Ministerio de Seguridad y Justicia rubricar\u00e1n un convenio de cooperaci\u00f3n, intercambio y asistencia t\u00e9cnica para el funcionamiento del protocolo de articulaci\u00f3n integral para la implementaci\u00f3n, entrega y seguimiento de dispositivos de protecci\u00f3n denominados \u201cbotones de p\u00e1nico\u201d, y la aplicaci\u00f3n para celulares denominado \u201cbot\u00f3n de p\u00e1nico digital\u201d.<\/p>\n","protected":false},"excerpt":{"rendered":"<p>La actividad ser\u00e1 encabezada por el gobernador Capitanich junto a autoridades del Poder Ejecutivo, del Poder Judicial, del Ministerio P\u00fablico Fiscal y de la Polic\u00eda del Chaco. Este martes 10 de agosto, a las 8, en el Sal\u00f3n Obligado, el gobierno provincial y el Poder Judicial presentar\u00e1n la aplicaci\u00f3n Bot\u00f3n de P\u00e1nico Digital y firmar\u00e1n [&hellip;]<\/p>\n","protected":false},"author":1,"featured_media":16722,"comment_status":"closed","ping_status":"closed","sticky":false,"template":"","format":"standard","meta":{"footnotes":""},"categories":[6],"tags":[],"class_list":{"0":"post-16721","1":"post","2":"type-post","3":"status-publish","4":"format-standard","5":"has-post-thumbnail","7":"category-chaco"},"_links":{"self":[{"href":"https:\/\/chacosintesis.com.ar\/index.php\/wp-json\/wp\/v2\/posts\/16721","targetHints":{"allow":["GET"]}}],"collection":[{"href":"https:\/\/chacosintesis.com.ar\/index.php\/wp-json\/wp\/v2\/posts"}],"about":[{"href":"https:\/\/chacosintesis.com.ar\/index.php\/wp-json\/wp\/v2\/types\/post"}],"author":[{"embeddable":true,"href":"https:\/\/chacosintesis.com.ar\/index.php\/wp-json\/wp\/v2\/users\/1"}],"replies":[{"embeddable":true,"href":"https:\/\/chacosintesis.com.ar\/index.php\/wp-json\/wp\/v2\/comments?post=16721"}],"version-history":[{"count":0,"href":"https:\/\/chacosintesis.com.ar\/index.php\/wp-json\/wp\/v2\/posts\/16721\/revisions"}],"wp:featuredmedia":[{"embeddable":true,"href":"https:\/\/chacosintesis.com.ar\/index.php\/wp-json\/wp\/v2\/media\/16722"}],"wp:attachment":[{"href":"https:\/\/chacosintesis.com.ar\/index.php\/wp-json\/wp\/v2\/media?parent=16721"}],"wp:term":[{"taxonomy":"category","embeddable":true,"href":"https:\/\/chacosintesis.com.ar\/index.php\/wp-json\/wp\/v2\/categories?post=16721"},{"taxonomy":"post_tag","embeddable":true,"href":"https:\/\/chacosintesis.com.ar\/index.php\/wp-json\/wp\/v2\/tags?post=16721"}],"curies":[{"name":"wp","href":"https:\/\/api.w.org\/{rel}","templated":true}]}}