{"id":16713,"date":"2022-08-09T10:10:08","date_gmt":"2022-08-09T13:10:08","guid":{"rendered":"https:\/\/chacosintesis.com.ar\/?p=16713"},"modified":"2022-08-09T10:37:03","modified_gmt":"2022-08-09T13:37:03","slug":"con-mas-de-60-pilotos-el-top-race-volvera-a-resistencia-luego-de-cinco-anos","status":"publish","type":"post","link":"https:\/\/chacosintesis.com.ar\/index.php\/con-mas-de-60-pilotos-el-top-race-volvera-a-resistencia-luego-de-cinco-anos\/","title":{"rendered":"Con m\u00e1s de 60 pilotos, el Top Race volver\u00e1 a Resistencia luego de cinco a\u00f1os."},"content":{"rendered":"<p>El intendente de Resistencia, Gustavo Mart\u00ednez se reuni\u00f3 con el presidente de la categor\u00eda automovil\u00edstica Top Race, Alejandro Levy, para oficializar mediante un convenio la realizaci\u00f3n de la 10\u00aa fecha del certamen en el Aut\u00f3dromo Santiago Yaco Guarnieri, los d\u00edas 14, 15 y 16 de octubre.<br \/>\nSe proyecta que a la competencia nacional asistan m\u00e1s de 60 pilotos profesionales de todo el pa\u00eds.<br \/>\nEl intendente Mart\u00ednez se mostr\u00f3 feliz de poder traer nuevamente una categor\u00eda del orden nacional a Resistencia, y sostuvo que \u201cse pudo confirmar con las autoridades del Top Race la realizaci\u00f3n de la d\u00e9cima jornada de competencia\u201d.<br \/>\nEn una misma sinton\u00eda, indic\u00f3 que \u201cse est\u00e1 trabajando para desarrollar un cronograma para el a\u00f1o 2023 que brinde la posibilidad de mantener caliente la pista del aut\u00f3dromo, posicionando a Resistencia como una plaza relevante en la regi\u00f3n enfocada en el turismo deportivo y de eventos, que es un gran factor de expansi\u00f3n de la econom\u00eda\u201d.<br \/>\nAsimismo, remarc\u00f3 que \u201csolo con las carreras zonales de automovilismo la hoteler\u00eda de la ciudad estaba completa, hubo un impacto positivo en la gastronom\u00eda y mucho consumo en la actividad comercial\u201d, y agreg\u00f3 que \u201cesta fue una inversi\u00f3n para que la ciudad pueda tener un crecimiento econ\u00f3mico local de magnitud para lograr recibir miles de visitantes\u201d.<br \/>\nVuelve tras cinco a\u00f1os<\/p>\n<p>Levy expres\u00f3 que \u201cesta reuni\u00f3n fue para confirmar la realizaci\u00f3n de la d\u00e9cima fecha del campeonato donde la categor\u00eda estar\u00e1 volviendo a la pista chaque\u00f1a luego de 5 a\u00f1os\u201d.<br \/>\nEn igual sentido, se\u00f1al\u00f3 que \u201chay muchas expectativas y ganas de volver con la participaci\u00f3n de m\u00e1s de 60 autos con pilotos profesionales de distintas provincias para definir el certamen, lo que ser\u00e1 muy entretenido para el p\u00fablico porque se asegura espect\u00e1culo y competitividad\u201d.<br \/>\nPor \u00faltimo, resalt\u00f3 que \u201cexiste la seguridad de que esto ser\u00e1 el inicio de una larga relaci\u00f3n para visitar Resistencia con otras categor\u00edas como el TC 2000, el Superbike Argentino o el Rallycross Car X\u201d.<\/p>\n","protected":false},"excerpt":{"rendered":"<p>El intendente de Resistencia, Gustavo Mart\u00ednez se reuni\u00f3 con el presidente de la categor\u00eda automovil\u00edstica Top Race, Alejandro Levy, para oficializar mediante un convenio la realizaci\u00f3n de la 10\u00aa fecha del certamen en el Aut\u00f3dromo Santiago Yaco Guarnieri, los d\u00edas 14, 15 y 16 de octubre. Se proyecta que a la competencia nacional asistan m\u00e1s [&hellip;]<\/p>\n","protected":false},"author":1,"featured_media":16714,"comment_status":"closed","ping_status":"closed","sticky":false,"template":"","format":"standard","meta":{"footnotes":""},"categories":[6],"tags":[],"class_list":{"0":"post-16713","1":"post","2":"type-post","3":"status-publish","4":"format-standard","5":"has-post-thumbnail","7":"category-chaco"},"_links":{"self":[{"href":"https:\/\/chacosintesis.com.ar\/index.php\/wp-json\/wp\/v2\/posts\/16713","targetHints":{"allow":["GET"]}}],"collection":[{"href":"https:\/\/chacosintesis.com.ar\/index.php\/wp-json\/wp\/v2\/posts"}],"about":[{"href":"https:\/\/chacosintesis.com.ar\/index.php\/wp-json\/wp\/v2\/types\/post"}],"author":[{"embeddable":true,"href":"https:\/\/chacosintesis.com.ar\/index.php\/wp-json\/wp\/v2\/users\/1"}],"replies":[{"embeddable":true,"href":"https:\/\/chacosintesis.com.ar\/index.php\/wp-json\/wp\/v2\/comments?post=16713"}],"version-history":[{"count":0,"href":"https:\/\/chacosintesis.com.ar\/index.php\/wp-json\/wp\/v2\/posts\/16713\/revisions"}],"wp:featuredmedia":[{"embeddable":true,"href":"https:\/\/chacosintesis.com.ar\/index.php\/wp-json\/wp\/v2\/media\/16714"}],"wp:attachment":[{"href":"https:\/\/chacosintesis.com.ar\/index.php\/wp-json\/wp\/v2\/media?parent=16713"}],"wp:term":[{"taxonomy":"category","embeddable":true,"href":"https:\/\/chacosintesis.com.ar\/index.php\/wp-json\/wp\/v2\/categories?post=16713"},{"taxonomy":"post_tag","embeddable":true,"href":"https:\/\/chacosintesis.com.ar\/index.php\/wp-json\/wp\/v2\/tags?post=16713"}],"curies":[{"name":"wp","href":"https:\/\/api.w.org\/{rel}","templated":true}]}}