{"id":16707,"date":"2022-08-08T17:41:13","date_gmt":"2022-08-08T20:41:13","guid":{"rendered":"https:\/\/chacosintesis.com.ar\/?p=16707"},"modified":"2022-08-08T18:06:39","modified_gmt":"2022-08-08T21:06:39","slug":"diputadas-recibieron-a-la-referente-nacional-de-niunamenos-veronica-camargo","status":"publish","type":"post","link":"https:\/\/chacosintesis.com.ar\/index.php\/diputadas-recibieron-a-la-referente-nacional-de-niunamenos-veronica-camargo\/","title":{"rendered":"Diputadas recibieron a la referente nacional de #NiUnaMenos Ver\u00f3nica Camargo"},"content":{"rendered":"<p>En el marco de una serie de conversatorios que se llevar\u00e1 a cabo en Resistencia, General San Mart\u00edn, Pampa del Indio, Las Garcitas y La Verde, bajo el lema \u201cPor una sociedad libre de violencias y de b\u00fasqueda de justicia como un compromiso de todas y todos&#8221;, la presidenta del Poder Legislativo, Elida Cuesta, junto a legisladoras de distintos bloques pol\u00edticos, recibi\u00f3 este lunes a Ver\u00f3nica Camargo, exponente del movimiento nacional #NiUnaMenos. Camargo es madre de la joven Chiara P\u00e9rez, cuyo femicidio, en 2015, motiv\u00f3 el primer repudio masivo contra la violencia de g\u00e9nero en el pa\u00eds.<\/p>\n<p>Participaron del encuentro las legisladoras Gricelda Ojeda, Mariela Quir\u00f3s, Zulma Galeano, Jessica Ayala, Paola Ben\u00edtez, Alicia Azula y Teresa Cubells. Adem\u00e1s de Elba Rojas y Carina Meza por parte de la Comisi\u00f3n Multisectorial de la Mujer.<br \/>\n Cubells manifest\u00f3 que siempre es bueno escuchar y dialogar con las personas que combaten la violencia y la perspectiva de g\u00e9nero, es una mirada que se debe incorporar en todas las pol\u00edticas de gobierno. \u201cM\u00e1s all\u00e1 de las diferentes miradas que podemos tener, debemos estar juntas para combatir la violencia. Nosotros planteamos que la Justicia incorpore una perspectiva que incluya a las ni\u00f1ez y la adolescencia, porque es ah\u00ed donde surge esta problem\u00e1tica que no solo afecta a la Argentina, sino a todo el mundo\u201d, remarc\u00f3.<\/p>\n<p>Por su parte, Ben\u00edtez asegur\u00f3 que la visita de Camargo a la provincia refuerza el compromiso de todas las mujeres para trabajar en conjunto en la erradicaci\u00f3n de la violencia. \u201cEs un d\u00eda especial, tenerla a Ver\u00f3nica con nosotras nos emociona, conmueve y obliga a reforzar el esfuerzo para lograr un trato igualitario y equitativo en la Justicia y, por sobre todas las cosas, una Argentina sin violencia\u201d, asever\u00f3.<\/p>\n<p>Camargo: \u201cDebemos trabajar juntas para erradicar la violencia\u201d La referente nacional del movimiento #NiUnaMenos, Ver\u00f3nica Camargo, remarc\u00f3 la importancia de dialogar con mujeres que aporten sus puntos de vista para terminar con la violencia. \u201cCualquier mujer puede ser atravesada por la violencia, no importa raza, religi\u00f3n, color o ideolog\u00eda pol\u00edtica, por eso debemos estar juntas y trabajar para erradicar este flagelo. Es un honor para m\u00ed compartir mi experiencia con la presidenta de la Legislatura y con las legisladoras\u201d, manifest\u00f3.<\/p>\n<p>Por su parte, la presidenta de la Comisi\u00f3n Multisectorial de la Mujer, Elba Rojas, agradeci\u00f3 la predisposici\u00f3n del Poder Legislativo y manifest\u00f3 que la lucha contra violencia debe ser una pol\u00edtica de Estado. En ese sentido, asegur\u00f3 que \u201cla violencia contra la mujer es un flagelo que debemos combatirlo juntas, por eso estamos agradecidas con la presidenta Elida Cuesta por darnos la posibilidad de compartir estos conversatorios con una referente de la lucha contra la violencia como es Ver\u00f3nica Camargo\u201d.<\/p>\n","protected":false},"excerpt":{"rendered":"<p>En el marco de una serie de conversatorios que se llevar\u00e1 a cabo en Resistencia, General San Mart\u00edn, Pampa del Indio, Las Garcitas y La Verde, bajo el lema \u201cPor una sociedad libre de violencias y de b\u00fasqueda de justicia como un compromiso de todas y todos&#8221;, la presidenta del Poder Legislativo, Elida Cuesta, junto [&hellip;]<\/p>\n","protected":false},"author":1,"featured_media":16708,"comment_status":"closed","ping_status":"closed","sticky":false,"template":"","format":"standard","meta":{"footnotes":""},"categories":[6],"tags":[],"class_list":{"0":"post-16707","1":"post","2":"type-post","3":"status-publish","4":"format-standard","5":"has-post-thumbnail","7":"category-chaco"},"_links":{"self":[{"href":"https:\/\/chacosintesis.com.ar\/index.php\/wp-json\/wp\/v2\/posts\/16707","targetHints":{"allow":["GET"]}}],"collection":[{"href":"https:\/\/chacosintesis.com.ar\/index.php\/wp-json\/wp\/v2\/posts"}],"about":[{"href":"https:\/\/chacosintesis.com.ar\/index.php\/wp-json\/wp\/v2\/types\/post"}],"author":[{"embeddable":true,"href":"https:\/\/chacosintesis.com.ar\/index.php\/wp-json\/wp\/v2\/users\/1"}],"replies":[{"embeddable":true,"href":"https:\/\/chacosintesis.com.ar\/index.php\/wp-json\/wp\/v2\/comments?post=16707"}],"version-history":[{"count":0,"href":"https:\/\/chacosintesis.com.ar\/index.php\/wp-json\/wp\/v2\/posts\/16707\/revisions"}],"wp:featuredmedia":[{"embeddable":true,"href":"https:\/\/chacosintesis.com.ar\/index.php\/wp-json\/wp\/v2\/media\/16708"}],"wp:attachment":[{"href":"https:\/\/chacosintesis.com.ar\/index.php\/wp-json\/wp\/v2\/media?parent=16707"}],"wp:term":[{"taxonomy":"category","embeddable":true,"href":"https:\/\/chacosintesis.com.ar\/index.php\/wp-json\/wp\/v2\/categories?post=16707"},{"taxonomy":"post_tag","embeddable":true,"href":"https:\/\/chacosintesis.com.ar\/index.php\/wp-json\/wp\/v2\/tags?post=16707"}],"curies":[{"name":"wp","href":"https:\/\/api.w.org\/{rel}","templated":true}]}}