{"id":16699,"date":"2022-08-08T17:28:13","date_gmt":"2022-08-08T20:28:13","guid":{"rendered":"https:\/\/chacosintesis.com.ar\/?p=16699"},"modified":"2022-08-08T17:39:45","modified_gmt":"2022-08-08T20:39:45","slug":"chaco-celebra-el-71-aniversario-de-su-provincializacion-con-agenda-de-actividades","status":"publish","type":"post","link":"https:\/\/chacosintesis.com.ar\/index.php\/chaco-celebra-el-71-aniversario-de-su-provincializacion-con-agenda-de-actividades\/","title":{"rendered":"Chaco celebra el 71 aniversario de su provincializaci\u00f3n con agenda de actividades"},"content":{"rendered":"<p>Se llevar\u00e1n a cabo durante toda la semana, del 7 al 12 de agosto, en la plaza Espa\u00f1a y Casa de Culturas de Resistencia y en la plaza Del Sol de Charata. El acto central ser\u00e1 el \u00faltimo d\u00eda, en Charata.<br \/>\n El Gobierno provincial celebra el 71\u00b0 aniversario de la provincializaci\u00f3n del Chaco con una variada agenda de actividades culturales y recreativas que se llevar\u00e1n a cabo en Resistencia y Charata durante toda la semana. La vigilia comenzar\u00e1 este domingo 7 de agosto con actividades programadas para disfrute de toda la familia en la plaza Espa\u00f1a de la ciudad capitalina. En tanto que el d\u00eda propio del aniversario -8 de agosto- continuar\u00e1 la agenda en el mismo lugar y el gran cierre con el acto central ser\u00e1 el 12 de agosto en la plaza del Sol de Charata.<\/p>\n<p>De esa forma, el Gobierno invita a las y los chaque\u00f1os a disfrutar de distintos n\u00fameros art\u00edsticos, talleres y actividades recreativas que integrar\u00e1n la grilla de este nuevo aniversario de la provincializaci\u00f3n, a 71 a\u00f1os de aquel 8 de agosto de 1951 en que se sancion\u00f3 la Ley N\u00b014037 que declar\u00f3 como Provincia al Territorio Nacional del Chaco.<\/p>\n<p>Adem\u00e1s de las actividades recreativas, los presentes podr\u00e1n disfrutar de la gastronom\u00eda local a trav\u00e9s de los food trucks y acceder a productos artesanales en los Mercados Populares y club de emprendedores que estar\u00e1n ubicados en las plazas Espa\u00f1a (Resistencia) y Del Sol (Charata).<\/p>\n<p>Tambi\u00e9n habr\u00e1 postas de vacunaci\u00f3n, de Anses, punto violeta, posta de Insssep, Brigada Operativa Ambiental, posta de DNI, stand del Plan Progresar y de Loter\u00eda Chaque\u00f1a y Punto Verde.<\/p>\n<p>Cronograma de actividades<\/p>\n<p>El domingo 7 de agosto comenzar\u00e1n las actividades a las 17 en la plaza Espa\u00f1a de Resistencia con \u201cDeportes en el escenario: Chikiyi\u201d; a las 17.30 \u201cEntretenimiento para las infancias: Leer, Jugar y Reir\u201d; a las 18 \u201cEspect\u00e1culo de t\u00edteres: Tribil\u00edn y la Brujita Voladora\u201d; a las 18.30 \u201cRecorrida por el p\u00fablico de las Susurradoras Viento Norte\u201d; a las 19 \u201cEspect\u00e1culo de la Academia de Danzas y Acrobacias Urbanas\u201d; a las 20 \u201cRapeale con formato freestyle sobre la historia de la provincializaci\u00f3n del Chaco\u201d; a las 21 \u201cM\u00fasica en vivo Alterego \u2013 Banda fusi\u00f3n de rock y folklore); y a las 22 \u201cBanda de cumbia Vanesa\u201d.<\/p>\n<p>El 8 de agosto la agenda continuar\u00e1 en la misma plaza con las siguientes actividades: de 9 a 11.30 y de 15 a 19 \u201ctalleres literarios, de artes visuales, muestra de rob\u00f3tica y clase de gimnasia\u201d; a las 19 \u201cPresentaci\u00f3n de los libros \u2018Chaco, figura y hechos de su pasado\u2019 y \u2018Memorias de Gallardo, recopilaci\u00f3n del archivo hist\u00f3rico de la provincia\u2019; y a las 20 \u201cM\u00fasica y danza en vivo de la mano del Coro Chelaalap\u00ed y los grupos de danza Mainamby Paraguay, Naxaris Griego, y Alianza Francesa, con el aporte de la uni\u00f3n de colectividades\u201d.<br \/>\nEl 9 de agosto, tambi\u00e9n en la plaza Espa\u00f1a, de 9 a 11.30 y de 15 a 19, se llevar\u00e1n a cabo \u201ctalleres literarios, de artes visuales, muestra de rob\u00f3tica y clase de gimnasia\u201d; a las 18 el conversatorio \u201cEl rol de las mujeres en la provincializaci\u00f3n del Chaco\u201d; y a las 20 \u201cCine bajo las estrellas\u201d.<\/p>\n<p>En tanto que el 10 de agosto continuar\u00e1 la agenda en el mismo lugar con la siguiente grilla: de 9 a 10 \u201cTalleres literarios, de artes visuales, muestra de rob\u00f3tica y clase de gimnasia\u201d, de 10 a 11.30; y de 15 a 18 \u201cLas Susurradoras Viento Norte, taller literario, artes visuales, rob\u00f3tica y clase de gimnasia\u201d; en paralelo, de 15.30 a 16.30 \u201cBaile folkl\u00f3rico y comparsa de personas adultas mayores\u201d; a las 18 \u201cInauguraci\u00f3n de la muestra cartogr\u00e1fica Chaco, desde el periodo colonial a la provincia\u201d; y a las 19 \u201cPresentaci\u00f3n de los libros \u00b4Chaco, figura y hechos de su pasado\u00b4 y \u00b4Memorias de Gallardo, recopilaci\u00f3n del archivo hist\u00f3rico de la provincia\u201d.<\/p>\n<p>El 10 de agosto tambi\u00e9n se llevar\u00e1 a cabo, a las 19, en la Casa de las Culturas, la Conferencia \u201cDistribuci\u00f3n de la tierra y cuesti\u00f3n econ\u00f3mica en el Territorio Nacional del Chaco\u201d de la mano de Adri\u00e1n Almir\u00f3n y Enrique Schaller. La misma est\u00e1 destinada a estudiantes de institutos de formaci\u00f3n docente, estudiantes universitarios y docentes. El 11 de agosto en la plaza Espa\u00f1a, de 9 a 11.30 y de 15 a 17, \u201cTalleres literarios, de artes visuales, muestra de rob\u00f3tica y clase de gimnasia\u201d; de 10 a 11.30 \u201cTaller de stencil para j\u00f3venes vinculado a la Provincializaci\u00f3n del Chaco\u201d; y de 17 a 19 \u201cExhibici\u00f3n de taekwondo de la Fundaci\u00f3n Yaguaret\u00e9 y Rapeale con formato freestyle\u201d.<\/p>\n<p>El 11 de agosto tambi\u00e9n se realizar\u00e1, en la Casa de las Culturas, la \u201cConferencia: Peronismo y Nuevas Provincias: Chaco y La Pampa\u201d a cargo de los doctores en Historia Marisa Moroni y Fabio Alonso, a las 18. En tanto que a las 19 ser\u00e1 el turno de \u201cLectura Digital: Presentaci\u00f3n del libro digital Relaciones entre blancos e indios en los territorios nacionales del Chaco y Formosa. 1885-1950\u201d y se presentar\u00e1 el libro \u201cLos comienzos del Chaco provincializado 1951-1955 de Mar\u00eda Silvia Leoni\u201d. Finalmente, a las 20 ser\u00e1 el \u201cConcierto de Gala de la Orquesta Sinf\u00f3nica de la Provincia de Chaco\u201d.<\/p>\n<p>Por \u00faltimo, el gran cierre de la semana aniversario por la provincializaci\u00f3n del Chaco ser\u00e1 el 12 de agosto en la Plaza del Sol de Charata con actividades infantiles que comenzar\u00e1n a las 17, clase de gimnasia a las 18, actuaci\u00f3n de Seba Ibarra a las 19, cine bajo las estrellas a las 19.45 y el acto central con la presencia de autoridades provinciales a las 20.15.<\/p>\n","protected":false},"excerpt":{"rendered":"<p>Se llevar\u00e1n a cabo durante toda la semana, del 7 al 12 de agosto, en la plaza Espa\u00f1a y Casa de Culturas de Resistencia y en la plaza Del Sol de Charata. El acto central ser\u00e1 el \u00faltimo d\u00eda, en Charata. El Gobierno provincial celebra el 71\u00b0 aniversario de la provincializaci\u00f3n del Chaco con una [&hellip;]<\/p>\n","protected":false},"author":1,"featured_media":16700,"comment_status":"closed","ping_status":"closed","sticky":false,"template":"","format":"standard","meta":{"footnotes":""},"categories":[6],"tags":[],"class_list":{"0":"post-16699","1":"post","2":"type-post","3":"status-publish","4":"format-standard","5":"has-post-thumbnail","7":"category-chaco"},"_links":{"self":[{"href":"https:\/\/chacosintesis.com.ar\/index.php\/wp-json\/wp\/v2\/posts\/16699","targetHints":{"allow":["GET"]}}],"collection":[{"href":"https:\/\/chacosintesis.com.ar\/index.php\/wp-json\/wp\/v2\/posts"}],"about":[{"href":"https:\/\/chacosintesis.com.ar\/index.php\/wp-json\/wp\/v2\/types\/post"}],"author":[{"embeddable":true,"href":"https:\/\/chacosintesis.com.ar\/index.php\/wp-json\/wp\/v2\/users\/1"}],"replies":[{"embeddable":true,"href":"https:\/\/chacosintesis.com.ar\/index.php\/wp-json\/wp\/v2\/comments?post=16699"}],"version-history":[{"count":0,"href":"https:\/\/chacosintesis.com.ar\/index.php\/wp-json\/wp\/v2\/posts\/16699\/revisions"}],"wp:featuredmedia":[{"embeddable":true,"href":"https:\/\/chacosintesis.com.ar\/index.php\/wp-json\/wp\/v2\/media\/16700"}],"wp:attachment":[{"href":"https:\/\/chacosintesis.com.ar\/index.php\/wp-json\/wp\/v2\/media?parent=16699"}],"wp:term":[{"taxonomy":"category","embeddable":true,"href":"https:\/\/chacosintesis.com.ar\/index.php\/wp-json\/wp\/v2\/categories?post=16699"},{"taxonomy":"post_tag","embeddable":true,"href":"https:\/\/chacosintesis.com.ar\/index.php\/wp-json\/wp\/v2\/tags?post=16699"}],"curies":[{"name":"wp","href":"https:\/\/api.w.org\/{rel}","templated":true}]}}