{"id":16675,"date":"2022-08-05T21:48:17","date_gmt":"2022-08-06T00:48:17","guid":{"rendered":"https:\/\/chacosintesis.com.ar\/?p=16675"},"modified":"2022-08-05T22:06:48","modified_gmt":"2022-08-06T01:06:48","slug":"cuesta-se-reunio-con-las-nuevas-autoridades-de-la-cgt-y-avanzaron-en-una-agenda-de-trabajo-conjunto","status":"publish","type":"post","link":"https:\/\/chacosintesis.com.ar\/index.php\/cuesta-se-reunio-con-las-nuevas-autoridades-de-la-cgt-y-avanzaron-en-una-agenda-de-trabajo-conjunto\/","title":{"rendered":"Cuesta se reuni\u00f3 con las nuevas autoridades de la CGT y avanzaron en una agenda de trabajo conjunto"},"content":{"rendered":"<p>La presidenta del Poder Legislativo, Elida Cuesta, recibi\u00f3 a las nuevas autoridades de la Confederaci\u00f3n General del Trabajo (CGT) filial Chaco, Adri\u00e1n Bellomi e Isa\u00edas Alegre, como tambi\u00e9n a Gabriel Ugelli, del Sindicato de Peones de Taxi; y al concejal de Resistencia, Jorge Wozniczka. En la sala de Labor Parlamentaria abordaron la necesidad de mantener una agenda legislativa de trabajo conjunto que tenga que ver con la defensa de los puestos de trabajo, regularizaci\u00f3n laboral, generaci\u00f3n de empleo registrado, formaci\u00f3n y capacitaci\u00f3n continua para las y los trabajadores, como as\u00ed tambi\u00e9n el acceso a viviendas dignas.<br \/>\n Tras la presentaci\u00f3n de los principales ejes de trabajo de la flamante gesti\u00f3n, la titular del Legislativo chaque\u00f1o destac\u00f3 que a partir de los lineamentos abordados se puede trabajar en proyectos de ley que permitan avanzar en respuestas paras las y los trabajadores. \u201cDialogamos con las autoridades,  escuchamos sus inquietudes e ideas para seguir generando herramientas en beneficio de la masa laboral de la provincia\u201d, remarc\u00f3 la legisladora.<\/p>\n<p>\u201cEstamos convencidos que al mantener un di\u00e1logo abierto con los distintos sectores se puede desarrollar mejor y m\u00e1s eficientemente la tarea legislativa, m\u00e1s en estos tiempos tan dif\u00edciles en los que tenemos que estar junto a las y los trabajadores y legislar para ellos. Desde nuestro lugar tenemos las puertas abiertas para dialogar con todo los sectores\u201d, se\u00f1al\u00f3 Cuesta.<\/p>\n<p>Por su parte, Bellomi mencion\u00f3 que este acercamiento con el Poder Legislativo es parte de una de las principales tareas a realizar para que la CGT mantenga el contacto permanente. \u201cConsideramos que todos los actores que comprenden la sociedad ayudar\u00e1n con el crecimiento de la provincia; tenemos que confluir y sobre todo en esta actualidad, en la coyuntura en la que nos encontramos a nivel nacional\u201d, remarc\u00f3. Para la autoridad de la CGT la reuni\u00f3n fue muy fruct\u00edfera y expres\u00f3 que hubo un compromiso de las partes en trabajar para ayudar en sacar a la provincia adelante.<\/p>\n<p> En tanto Alegre manifest\u00f3 que este encuentro forma parte de la presentaci\u00f3n de los ejes del trabajo que se realizar\u00e1 en los tres poderes del Estado. \u201cFue una reuni\u00f3n amena, ya que consideramos satisfactorio que nos reciba la presidenta legislativa en la Casa de la Democracia, porque es fundamental articular en esta \u00e9poca de crisis una agenda de trabajo para la cual nos llevamos respuestas para seguir en este camino\u201d, se\u00f1al\u00f3.<\/p>\n","protected":false},"excerpt":{"rendered":"<p>La presidenta del Poder Legislativo, Elida Cuesta, recibi\u00f3 a las nuevas autoridades de la Confederaci\u00f3n General del Trabajo (CGT) filial Chaco, Adri\u00e1n Bellomi e Isa\u00edas Alegre, como tambi\u00e9n a Gabriel Ugelli, del Sindicato de Peones de Taxi; y al concejal de Resistencia, Jorge Wozniczka. En la sala de Labor Parlamentaria abordaron la necesidad de mantener [&hellip;]<\/p>\n","protected":false},"author":1,"featured_media":16676,"comment_status":"closed","ping_status":"closed","sticky":false,"template":"","format":"standard","meta":{"footnotes":""},"categories":[6],"tags":[],"class_list":{"0":"post-16675","1":"post","2":"type-post","3":"status-publish","4":"format-standard","5":"has-post-thumbnail","7":"category-chaco"},"_links":{"self":[{"href":"https:\/\/chacosintesis.com.ar\/index.php\/wp-json\/wp\/v2\/posts\/16675","targetHints":{"allow":["GET"]}}],"collection":[{"href":"https:\/\/chacosintesis.com.ar\/index.php\/wp-json\/wp\/v2\/posts"}],"about":[{"href":"https:\/\/chacosintesis.com.ar\/index.php\/wp-json\/wp\/v2\/types\/post"}],"author":[{"embeddable":true,"href":"https:\/\/chacosintesis.com.ar\/index.php\/wp-json\/wp\/v2\/users\/1"}],"replies":[{"embeddable":true,"href":"https:\/\/chacosintesis.com.ar\/index.php\/wp-json\/wp\/v2\/comments?post=16675"}],"version-history":[{"count":0,"href":"https:\/\/chacosintesis.com.ar\/index.php\/wp-json\/wp\/v2\/posts\/16675\/revisions"}],"wp:featuredmedia":[{"embeddable":true,"href":"https:\/\/chacosintesis.com.ar\/index.php\/wp-json\/wp\/v2\/media\/16676"}],"wp:attachment":[{"href":"https:\/\/chacosintesis.com.ar\/index.php\/wp-json\/wp\/v2\/media?parent=16675"}],"wp:term":[{"taxonomy":"category","embeddable":true,"href":"https:\/\/chacosintesis.com.ar\/index.php\/wp-json\/wp\/v2\/categories?post=16675"},{"taxonomy":"post_tag","embeddable":true,"href":"https:\/\/chacosintesis.com.ar\/index.php\/wp-json\/wp\/v2\/tags?post=16675"}],"curies":[{"name":"wp","href":"https:\/\/api.w.org\/{rel}","templated":true}]}}