{"id":16671,"date":"2022-08-05T21:44:14","date_gmt":"2022-08-06T00:44:14","guid":{"rendered":"https:\/\/chacosintesis.com.ar\/?p=16671"},"modified":"2022-08-05T22:06:47","modified_gmt":"2022-08-06T01:06:47","slug":"capitanich-junto-a-trabajadores-rurales-en-una-jornada-regional","status":"publish","type":"post","link":"https:\/\/chacosintesis.com.ar\/index.php\/capitanich-junto-a-trabajadores-rurales-en-una-jornada-regional\/","title":{"rendered":"Capitanich junto a trabajadores rurales en una jornada regional"},"content":{"rendered":"<p>Tras su visita, el mandatario ratific\u00f3 su inter\u00e9s en trabajar en conjunto con las entidades para lograr la homologaci\u00f3n del R\u00e9gimen de Corresponsabilidad Ganadera, que cuenta con 6700 incluidos y de esta forma, ampliar dicho r\u00e9gimen para lograr beneficiar a m\u00e1s trabajadores y productores chaque\u00f1os<br \/>\n El gobernador Jorge Capitanich particip\u00f3 de un encuentro con delegados y referentes de la Uni\u00f3n Argentina de Trabajadores Rurales y Estibadores (UATRE) y el Registro Nacional de Trabajadores Rurales y Empleadores (RENATRE), en el marco de la Apertura de la Jornada Regional NEA en Resistencia. Durante la jornada, el mandatario ratific\u00f3 su intenci\u00f3n de trabajar en conjunto en el R\u00e9gimen de Corresponsabilidad Ganadera, para ampliarlo y beneficiar a m\u00e1s trabajadores y productores chaque\u00f1os.<br \/>\nDestacando el acompa\u00f1amiento de trabajadores rurales, el mandatario remarc\u00f3 las gestiones realizadas al impulsar \u201cla Ley N\u00ba 26.337 que dio origen al R\u00e9gimen de convenio de corresponsabilidad Gremial, as\u00ed como remarc\u00f3 el trabajo llevado adelante con el Convenio Multiproducto, el R\u00e9gimen de Corresponsabilidad Forestal y la Reforma de la Ley N\u00ba 26.940\u201d, se\u00f1al\u00f3 Capitanich.<\/p>\n<p>R\u00e9gimen de Corresponsabilidad Ganadera<\/p>\n<p>En cuanto al R\u00e9gimen de Corresponsabilidad Ganadera, el gobernador manifest\u00f3 la necesidad de trabajar en conjunto porque \u201chay un n\u00facleo importante de productores en el Chaco que aspiran a que podamos concretarlo y actualmente, hay 6.700 trabajadores incluidos aproximadamente\u201d, manifest\u00f3 y dijo que se puede extender m\u00e1s y \u201ces m\u00e1s virtuoso tanto para productores, trabajadores en virtud del R\u00e9gimen de cobertura en materia de Seguridad Social\u201d afirm\u00f3.<br \/>\nPor esto, el gobernador inst\u00f3 a la entidad a seguir trabajando en conjunto para lograr la homologaci\u00f3n que ya est\u00e1 en ciernes en el Ministerio de Trabajo de la Naci\u00f3n y que, de lograr avanzar, \u201cser\u00eda buen\u00edsimo porque nos dar\u00eda mayor y mejor cobertura para las y los trabajadores\u201d dijo.<br \/>\nCapitanich tambi\u00e9n agradeci\u00f3 la coordinaci\u00f3n de UATRE, a cargo de Jos\u00e9 Voytenco, como m\u00e1xima autoridad de la entidad, a los presentes, entre ellos, referentes de la Confederaci\u00f3n General del Trabajo (CGT), con las 62 organizaciones Peronistas \u201cque forman parte de nuestra agenda de trabajo permanente\u201d, manifest\u00f3.<br \/>\nPor su parte, Jos\u00e9 Voytenco, secretario general de la Uni\u00f3n Argentina de Trabajadores Rurales y Estibadores (UATRE) y presidente del Registro Nacional de Trabajadores Rurales y Empleadores (RENATRE), agradeci\u00f3 al mandatario provincial que \u201cen esta jornada regional en nuestra delegaci\u00f3n, vino a acompa\u00f1arnos y estar presentes en este encuentro\u201d, finaliz\u00f3.<\/p>\n<p>Sobre el encuentro<\/p>\n<p>El encuentro inici\u00f3 a las 9, donde estuvieron presentes, delegados, delegadas, Jefes de Agencias, tratando temas que son inherentes a las provincias del NEA. Luego de un almuerzo, se realiz\u00f3 la exposici\u00f3n de las problem\u00e1ticas en cada provincia, a cargo de las y los delegados y con reflexiones finales, se dio cierre al encuentro.<\/p>\n","protected":false},"excerpt":{"rendered":"<p>Tras su visita, el mandatario ratific\u00f3 su inter\u00e9s en trabajar en conjunto con las entidades para lograr la homologaci\u00f3n del R\u00e9gimen de Corresponsabilidad Ganadera, que cuenta con 6700 incluidos y de esta forma, ampliar dicho r\u00e9gimen para lograr beneficiar a m\u00e1s trabajadores y productores chaque\u00f1os El gobernador Jorge Capitanich particip\u00f3 de un encuentro con delegados [&hellip;]<\/p>\n","protected":false},"author":1,"featured_media":16672,"comment_status":"closed","ping_status":"closed","sticky":false,"template":"","format":"standard","meta":{"footnotes":""},"categories":[6],"tags":[],"class_list":{"0":"post-16671","1":"post","2":"type-post","3":"status-publish","4":"format-standard","5":"has-post-thumbnail","7":"category-chaco"},"_links":{"self":[{"href":"https:\/\/chacosintesis.com.ar\/index.php\/wp-json\/wp\/v2\/posts\/16671","targetHints":{"allow":["GET"]}}],"collection":[{"href":"https:\/\/chacosintesis.com.ar\/index.php\/wp-json\/wp\/v2\/posts"}],"about":[{"href":"https:\/\/chacosintesis.com.ar\/index.php\/wp-json\/wp\/v2\/types\/post"}],"author":[{"embeddable":true,"href":"https:\/\/chacosintesis.com.ar\/index.php\/wp-json\/wp\/v2\/users\/1"}],"replies":[{"embeddable":true,"href":"https:\/\/chacosintesis.com.ar\/index.php\/wp-json\/wp\/v2\/comments?post=16671"}],"version-history":[{"count":0,"href":"https:\/\/chacosintesis.com.ar\/index.php\/wp-json\/wp\/v2\/posts\/16671\/revisions"}],"wp:featuredmedia":[{"embeddable":true,"href":"https:\/\/chacosintesis.com.ar\/index.php\/wp-json\/wp\/v2\/media\/16672"}],"wp:attachment":[{"href":"https:\/\/chacosintesis.com.ar\/index.php\/wp-json\/wp\/v2\/media?parent=16671"}],"wp:term":[{"taxonomy":"category","embeddable":true,"href":"https:\/\/chacosintesis.com.ar\/index.php\/wp-json\/wp\/v2\/categories?post=16671"},{"taxonomy":"post_tag","embeddable":true,"href":"https:\/\/chacosintesis.com.ar\/index.php\/wp-json\/wp\/v2\/tags?post=16671"}],"curies":[{"name":"wp","href":"https:\/\/api.w.org\/{rel}","templated":true}]}}