{"id":16657,"date":"2022-08-05T18:36:06","date_gmt":"2022-08-05T21:36:06","guid":{"rendered":"https:\/\/chacosintesis.com.ar\/?p=16657"},"modified":"2022-08-05T18:37:30","modified_gmt":"2022-08-05T21:37:30","slug":"el-campolarguense-tobias-cordoba-en-la-lista-de-convocados-para-el-pre-federal","status":"publish","type":"post","link":"https:\/\/chacosintesis.com.ar\/index.php\/el-campolarguense-tobias-cordoba-en-la-lista-de-convocados-para-el-pre-federal\/","title":{"rendered":"EL CAMPOLARGUENSE TOB\u00cdAS CORDOBA EN LA LISTA DE CONVOCADOS PARA EL PRE FEDERAL"},"content":{"rendered":"<p>Hoy viernes 5 arranca El Campeonato Provincial Pre Federal. El mismo tiene 17 planteles que tomar\u00e1n parte en la temporada que dar\u00e1 inicio hoy en Resistencia, S\u00e1enz Pe\u00f1a, Charata, Quitilipi, Santa Sylvina y Villa \u00c1ngela, organizado por la Federaci\u00f3n Chaque\u00f1a de B\u00e1squetbol.<br \/>\nEl Campolarguense Tobias Cordoba de 16 a\u00f1os  forma parte de la lista de convocados de Asociaci\u00f3n Espa\u00f1ola de Charata que estar\u00e1 enfrentando a Caupolic\u00e1n de Quitilipi a las 22 hs por la zona C.<br \/>\nEl joven de nuestra localidad goza de un buen presente basquetbol\u00edstico, si bien se sabe que hace tiempo viene haciendo las cosas bien y trabajando duro lo cual se nota en la evoluci\u00f3n y crecimiento que ha tenido en todos estos a\u00f1os. Tobi es categor\u00eda u17 pero fue convocado para integrar el equipo de primera de Espa\u00f1ola<\/p>\n","protected":false},"excerpt":{"rendered":"<p>Hoy viernes 5 arranca El Campeonato Provincial Pre Federal. El mismo tiene 17 planteles que tomar\u00e1n parte en la temporada que dar\u00e1 inicio hoy en Resistencia, S\u00e1enz Pe\u00f1a, Charata, Quitilipi, Santa Sylvina y Villa \u00c1ngela, organizado por la Federaci\u00f3n Chaque\u00f1a de B\u00e1squetbol. El Campolarguense Tobias Cordoba de 16 a\u00f1os forma parte de la lista de [&hellip;]<\/p>\n","protected":false},"author":1,"featured_media":16658,"comment_status":"closed","ping_status":"closed","sticky":false,"template":"","format":"standard","meta":{"footnotes":""},"categories":[6],"tags":[],"class_list":{"0":"post-16657","1":"post","2":"type-post","3":"status-publish","4":"format-standard","5":"has-post-thumbnail","7":"category-chaco"},"_links":{"self":[{"href":"https:\/\/chacosintesis.com.ar\/index.php\/wp-json\/wp\/v2\/posts\/16657","targetHints":{"allow":["GET"]}}],"collection":[{"href":"https:\/\/chacosintesis.com.ar\/index.php\/wp-json\/wp\/v2\/posts"}],"about":[{"href":"https:\/\/chacosintesis.com.ar\/index.php\/wp-json\/wp\/v2\/types\/post"}],"author":[{"embeddable":true,"href":"https:\/\/chacosintesis.com.ar\/index.php\/wp-json\/wp\/v2\/users\/1"}],"replies":[{"embeddable":true,"href":"https:\/\/chacosintesis.com.ar\/index.php\/wp-json\/wp\/v2\/comments?post=16657"}],"version-history":[{"count":0,"href":"https:\/\/chacosintesis.com.ar\/index.php\/wp-json\/wp\/v2\/posts\/16657\/revisions"}],"wp:featuredmedia":[{"embeddable":true,"href":"https:\/\/chacosintesis.com.ar\/index.php\/wp-json\/wp\/v2\/media\/16658"}],"wp:attachment":[{"href":"https:\/\/chacosintesis.com.ar\/index.php\/wp-json\/wp\/v2\/media?parent=16657"}],"wp:term":[{"taxonomy":"category","embeddable":true,"href":"https:\/\/chacosintesis.com.ar\/index.php\/wp-json\/wp\/v2\/categories?post=16657"},{"taxonomy":"post_tag","embeddable":true,"href":"https:\/\/chacosintesis.com.ar\/index.php\/wp-json\/wp\/v2\/tags?post=16657"}],"curies":[{"name":"wp","href":"https:\/\/api.w.org\/{rel}","templated":true}]}}