{"id":16651,"date":"2022-08-04T12:17:47","date_gmt":"2022-08-04T15:17:47","guid":{"rendered":"https:\/\/chacosintesis.com.ar\/?p=16651"},"modified":"2022-08-04T12:39:25","modified_gmt":"2022-08-04T15:39:25","slug":"peche-capitanich-debe-exigir-que-el-supermassaso-energetico-no-se-aplique-en-chaco","status":"publish","type":"post","link":"https:\/\/chacosintesis.com.ar\/index.php\/peche-capitanich-debe-exigir-que-el-supermassaso-energetico-no-se-aplique-en-chaco\/","title":{"rendered":"Peche: &#8220;Capitanich debe exigir que el supermassaso energ\u00e9tico no se aplique en Chaco&#8221;"},"content":{"rendered":"<p>El dos veces intendente de Presidencia Roque S\u00e1enz Pe\u00f1a, actual presidente del interbloque de diputados de la UCR, Carim Peche, se refiri\u00f3 a los anuncios en materia energ\u00e9tica realizados por el nuevo ministro de Econom\u00eda, Sergio Massa.<br \/>\nPeche fue contundente al referirse a la nueva segmentaci\u00f3n propuesta por el gobierno nacional \u201cEn lugar de preocuparse por sus aspiraciones pol\u00edticas personales  le pido al gobernador Jorge Capitanich que se ocupe de los chaque\u00f1os,  hoy mismo deber\u00eda estar viajando a Buenos Aires a exigir que el \u201csupermassaso\u201d energ\u00e9tico que representa  quitar los subsidios a quienes consuman m\u00e1s de 400 kilovatios  no se aplique en una provincia como la nuestra donde los consumos por estacionalidad superan ampliamente ese tope, y si le agregamos  el reciente aumento del 50% anunciado por Secheep, el resultado ser\u00e1 catastr\u00f3fico para las familias\u201d<br \/>\nEn este sentido record\u00f3 que \u201cEn principio avanzaron en una segmentaci\u00f3n de tarifas a  mi entender absolutamente arbitraria, basada en el total de ingresos de un grupo familiar sin tener en cuenta la deducci\u00f3n de gastos en el contexto de una situaci\u00f3n socioecon\u00f3mica cr\u00edtica, con una inflaci\u00f3n sin control, y ahora,  muy lejos de corregir esa asimetr\u00eda, redoblan la apuesta yendo hacia una segmentaci\u00f3n  absolutamente injusta para una provincia con 53% de pobres y 17% de indigentes, una vez m\u00e1s el ajuste recae sobre los asalariados, los jubilados, sobre quienes trabajan, producen y generan riqueza y empleo para sostener a un sector de la pol\u00edtica que sigue de fiesta\u201d<\/p>\n","protected":false},"excerpt":{"rendered":"<p>El dos veces intendente de Presidencia Roque S\u00e1enz Pe\u00f1a, actual presidente del interbloque de diputados de la UCR, Carim Peche, se refiri\u00f3 a los anuncios en materia energ\u00e9tica realizados por el nuevo ministro de Econom\u00eda, Sergio Massa. Peche fue contundente al referirse a la nueva segmentaci\u00f3n propuesta por el gobierno nacional \u201cEn lugar de preocuparse [&hellip;]<\/p>\n","protected":false},"author":1,"featured_media":16652,"comment_status":"closed","ping_status":"closed","sticky":false,"template":"","format":"standard","meta":{"footnotes":""},"categories":[6],"tags":[],"class_list":{"0":"post-16651","1":"post","2":"type-post","3":"status-publish","4":"format-standard","5":"has-post-thumbnail","7":"category-chaco"},"_links":{"self":[{"href":"https:\/\/chacosintesis.com.ar\/index.php\/wp-json\/wp\/v2\/posts\/16651","targetHints":{"allow":["GET"]}}],"collection":[{"href":"https:\/\/chacosintesis.com.ar\/index.php\/wp-json\/wp\/v2\/posts"}],"about":[{"href":"https:\/\/chacosintesis.com.ar\/index.php\/wp-json\/wp\/v2\/types\/post"}],"author":[{"embeddable":true,"href":"https:\/\/chacosintesis.com.ar\/index.php\/wp-json\/wp\/v2\/users\/1"}],"replies":[{"embeddable":true,"href":"https:\/\/chacosintesis.com.ar\/index.php\/wp-json\/wp\/v2\/comments?post=16651"}],"version-history":[{"count":0,"href":"https:\/\/chacosintesis.com.ar\/index.php\/wp-json\/wp\/v2\/posts\/16651\/revisions"}],"wp:featuredmedia":[{"embeddable":true,"href":"https:\/\/chacosintesis.com.ar\/index.php\/wp-json\/wp\/v2\/media\/16652"}],"wp:attachment":[{"href":"https:\/\/chacosintesis.com.ar\/index.php\/wp-json\/wp\/v2\/media?parent=16651"}],"wp:term":[{"taxonomy":"category","embeddable":true,"href":"https:\/\/chacosintesis.com.ar\/index.php\/wp-json\/wp\/v2\/categories?post=16651"},{"taxonomy":"post_tag","embeddable":true,"href":"https:\/\/chacosintesis.com.ar\/index.php\/wp-json\/wp\/v2\/tags?post=16651"}],"curies":[{"name":"wp","href":"https:\/\/api.w.org\/{rel}","templated":true}]}}