{"id":16647,"date":"2022-08-03T17:11:24","date_gmt":"2022-08-03T20:11:24","guid":{"rendered":"https:\/\/chacosintesis.com.ar\/?p=16647"},"modified":"2022-08-03T17:37:37","modified_gmt":"2022-08-03T20:37:37","slug":"el-gobierno-inauguro-el-anexo-de-la-eep-n-322-en-campo-alemani","status":"publish","type":"post","link":"https:\/\/chacosintesis.com.ar\/index.php\/el-gobierno-inauguro-el-anexo-de-la-eep-n-322-en-campo-alemani\/","title":{"rendered":"El Gobierno inaugur\u00f3 el Anexo de la EEP N\u00b0 322 en Campo Alemani"},"content":{"rendered":"<p>Esta ma\u00f1ana, el gobernador Jorge Milton Capitanich, junto a autoridades del gobierno provincial, inauguraron el Anexo de la EEP N\u00b0 322  de Pampa del Indio. Acompa\u00f1aron la actividad el Ministro de Educaci\u00f3n, Cultura, Ciencia y Tecnolog\u00eda, Aldo Lineras; el ministro de Planificaci\u00f3n, Econom\u00eda e Infraestructura, Santiago P\u00e9rez Pons y el Intendente de la localidad, Gustavo Karasiuk.<br \/>\nEl establecimiento se encuentra ubicado en el lote 21 de Campo Alemani. La nueva obra consta de la construcci\u00f3n de 2 aulas, con una galer\u00eda, el sector de servicio con un n\u00facleo sanitario con 2 boxes simples provistos de todos los equipamientos correspondientes.<br \/>\nTambi\u00e9n se implement\u00f3 la construcci\u00f3n de un fog\u00f3n, la instalaci\u00f3n de una casilla de bombas, decantador de barro, y cisterna elevada, colocaci\u00f3n de pisos y z\u00f3calos gran\u00edticos, cielorrasos y aberturas nuevas, tendidos el\u00e9ctricos e instalaci\u00f3n sanitaria.<br \/>\n\u201cGarantizar el derecho a la educaci\u00f3n es la base para la movilidad social ascendente. Nuestro compromiso es seguir haciendo las obras que sean necesarias para que todas y todos los ni\u00f1os en edad escolar, est\u00e9n efectivamente en las escuelas y podamos as\u00ed cumplir las metas educativas\u201d, asegur\u00f3 el mandatario.<br \/>\nCon una inversi\u00f3n de $24.938.109 financiados por la cartera de Econom\u00eda, la obra albergar\u00e1 a 50 ni\u00f1os y ni\u00f1as de la comunidad aborigen del lugar, 30 del Nivel Inicial y 20 de la Escuela Primaria ya con jornada ampliada. En la oportunidad, el gobernador se comprometi\u00f3 a gestionar la construcci\u00f3n de un jard\u00edn de infantes para la comuna y record\u00f3 algunas de las obras ejecutadas all\u00ed en a\u00f1os anteriores como un complejo de viviendas y refacciones en dos templos evang\u00e9licos.<br \/>\nEntre otros beneficios, la nueva infraestructura permitir\u00e1 a las y los alumnos acortar distancias, ya que anteriormente deb\u00edan trasladarse un kil\u00f3metro hasta la escuela N\u00b0 322.<br \/>\n\u201cFuerte compromiso con la Educaci\u00f3n\u201d<br \/>\nEl ministro de Planificaci\u00f3n, Econom\u00eda e Infraestructura destac\u00f3 la inversi\u00f3n realizada en el anexo de la Escuela N\u00b0 322 que ronda en torno a los 25 millones de pesos. \u201cEs una importante inversi\u00f3n para lograr mejor desarrollo y aprendizaje de alumnos y alumnas en zonas rurales y adem\u00e1s el equipo docente podr\u00e1 brindar clases en mejores condiciones\u201d, dijo.<br \/>\n\u201cEl plan de infraestructura escolar que lleva adelante este gobierno es el m\u00e1s importante de la historia del Chaco\u201d, subray\u00f3 el ministro de Educaci\u00f3n Aldo Lineras, en referencia a las 700 obras ejecutadas en los sucesivos mandatos del gobernador Capitanich, 150 de las cuales corresponden a este \u00faltimo mandato.<br \/>\nEn cuanto al anexo habilitado, Lineras dijo que se trata de un compromiso asumido en noviembre pasado durante una visita a la comuna. \u201cEn ese momento vimos la necesidad de construir este anexo y en un trabajo articulado con el Ministerio de Infraestructura, cinco meses despu\u00e9s pudimos concretarla para que las y los chicos puedan estudiar en lugares adecuados\u201d, destac\u00f3.<br \/>\n\u201cUn Estado presente\u201d<br \/>\nEl intendente Karasiuk, por su parte, destac\u00f3 la importancia de la obra que se ejecut\u00f3 en el Lote 21 \u2013 Campo Alemani- permitiendo acortar distancias para las y los alumnos del lugar. \u201cAntes deb\u00edan trasladarse m\u00e1s de un kil\u00f3metro hasta la escuela, atravesando picadas y campos privados. Hoy el Lote 21 tiene su propio edificio anexo\u201d, explic\u00f3.<br \/>\nLa obra del anexo escolar consta de dos aulas, una galer\u00eda y sector de servicio con un n\u00facleo sanitario con dos boxes simples, provistos de todo el equipamiento correspondiente.<br \/>\nTambi\u00e9n se construy\u00f3 un fog\u00f3n, se instal\u00f3 una casilla de bombas, decantador de barro, y cisterna sobre elevada para contener el agua recolectada de las lluvias.<\/p>\n","protected":false},"excerpt":{"rendered":"<p>Esta ma\u00f1ana, el gobernador Jorge Milton Capitanich, junto a autoridades del gobierno provincial, inauguraron el Anexo de la EEP N\u00b0 322 de Pampa del Indio. Acompa\u00f1aron la actividad el Ministro de Educaci\u00f3n, Cultura, Ciencia y Tecnolog\u00eda, Aldo Lineras; el ministro de Planificaci\u00f3n, Econom\u00eda e Infraestructura, Santiago P\u00e9rez Pons y el Intendente de la localidad, Gustavo [&hellip;]<\/p>\n","protected":false},"author":1,"featured_media":16648,"comment_status":"closed","ping_status":"closed","sticky":false,"template":"","format":"standard","meta":{"footnotes":""},"categories":[6],"tags":[],"class_list":{"0":"post-16647","1":"post","2":"type-post","3":"status-publish","4":"format-standard","5":"has-post-thumbnail","7":"category-chaco"},"_links":{"self":[{"href":"https:\/\/chacosintesis.com.ar\/index.php\/wp-json\/wp\/v2\/posts\/16647","targetHints":{"allow":["GET"]}}],"collection":[{"href":"https:\/\/chacosintesis.com.ar\/index.php\/wp-json\/wp\/v2\/posts"}],"about":[{"href":"https:\/\/chacosintesis.com.ar\/index.php\/wp-json\/wp\/v2\/types\/post"}],"author":[{"embeddable":true,"href":"https:\/\/chacosintesis.com.ar\/index.php\/wp-json\/wp\/v2\/users\/1"}],"replies":[{"embeddable":true,"href":"https:\/\/chacosintesis.com.ar\/index.php\/wp-json\/wp\/v2\/comments?post=16647"}],"version-history":[{"count":0,"href":"https:\/\/chacosintesis.com.ar\/index.php\/wp-json\/wp\/v2\/posts\/16647\/revisions"}],"wp:featuredmedia":[{"embeddable":true,"href":"https:\/\/chacosintesis.com.ar\/index.php\/wp-json\/wp\/v2\/media\/16648"}],"wp:attachment":[{"href":"https:\/\/chacosintesis.com.ar\/index.php\/wp-json\/wp\/v2\/media?parent=16647"}],"wp:term":[{"taxonomy":"category","embeddable":true,"href":"https:\/\/chacosintesis.com.ar\/index.php\/wp-json\/wp\/v2\/categories?post=16647"},{"taxonomy":"post_tag","embeddable":true,"href":"https:\/\/chacosintesis.com.ar\/index.php\/wp-json\/wp\/v2\/tags?post=16647"}],"curies":[{"name":"wp","href":"https:\/\/api.w.org\/{rel}","templated":true}]}}