{"id":16642,"date":"2022-08-03T13:25:01","date_gmt":"2022-08-03T16:25:01","guid":{"rendered":"https:\/\/chacosintesis.com.ar\/?p=16642"},"modified":"2022-08-03T13:25:04","modified_gmt":"2022-08-03T16:25:04","slug":"homenajearon-a-veteranos-y-caidos-de-malvinas-de-corzuela-campo-largo-charata-y-general-pinedo","status":"publish","type":"post","link":"https:\/\/chacosintesis.com.ar\/index.php\/homenajearon-a-veteranos-y-caidos-de-malvinas-de-corzuela-campo-largo-charata-y-general-pinedo\/","title":{"rendered":"Homenajearon a veteranos y ca\u00eddos de Malvinas de Corzuela, Campo Largo, Charata y General Pinedo"},"content":{"rendered":"\n<p>El ministro de Gobierno y Trabajo Juan Manuel Chapo encabez\u00f3, en Corzuela, un homenaje a veteranos de Malvinas de esa localidad, Campo Largo, Charata y General Pinedo. Junto al subsecretario de Gobierno Ra\u00fal Bittel e intendentes que entregaron medallas de reconocimiento a los exsolados y familiares de los ca\u00eddos.<\/p>\n\n\n\n<p>La actividad forma parte de la agenda prevista por la mesa intersectorial Malvinas Nos Une por el 40\u00ba aniversario de la guerra. Las medallas acu\u00f1adas por la Casa de la Moneda e ideadas por la Mesa Interministerial Nacional Malvinas 40 a\u00f1os fueron entregadas a la provincia por Canciller\u00eda Argentina a trav\u00e9s de la Secretar\u00eda de Malvinas, Ant\u00e1rtida y Atl\u00e1ntico Sur.<\/p>\n\n\n\n<p>Se trata de un reconocimiento y memoria de quienes fueron llevados al conflicto b\u00e9lico y quienes cayeron durante el combate en junio de 1982. \u201cCuando nos toca recorrer el Chaco para entregar este reconocimiento a qui\u00e9nes defendieron el suelo patrio y la soberan\u00eda, vemos el orgullo de veteranos y sus familiares de saberse parte de la historia de la argentina. Esto tiene que ver con reivindicar la historia y aquellos que la hicieron posible\u201d, destac\u00f3 el ministro.<\/p>\n\n\n\n<p>En ese sentido destac\u00f3 otras pol\u00edticas de reconocimiento a veteranos como \u201cla pensi\u00f3n que, desde agosto y hasta enero, ser\u00e1 la m\u00e1s importante de Argentina\u201d. \u201cHemos comenzado un proceso de inversi\u00f3n hist\u00f3rico para construir en cada localidad un centro de veterano de Malvinas; que no permita que nuestra memoria se pierda y que garantice que Malvinas sea parte del coraz\u00f3n de cada chaque\u00f1o y cada chaque\u00f1a\u201d, resalt\u00f3.<\/p>\n\n\n\n<p>Carrara indic\u00f3 que \u201cMalvinas Nos Une\u201d es una reivindicaci\u00f3n y un compromiso con los veteranos. \u201cNo debe haber burocracia para aquellos que tan j\u00f3venes fueron a defender la patria; y a los que se fueron siempre hay que tenerlos presentes y recordarlos\u201d, concluy\u00f3.<\/p>\n","protected":false},"excerpt":{"rendered":"<p>El ministro de Gobierno y Trabajo Juan Manuel Chapo encabez\u00f3, en Corzuela, un homenaje a veteranos de Malvinas de esa localidad, Campo Largo, Charata y General Pinedo. Junto al subsecretario de Gobierno Ra\u00fal Bittel e intendentes que entregaron medallas de reconocimiento a los exsolados y familiares de los ca\u00eddos. La actividad forma parte de la [&hellip;]<\/p>\n","protected":false},"author":1,"featured_media":16643,"comment_status":"closed","ping_status":"closed","sticky":false,"template":"","format":"standard","meta":{"footnotes":""},"categories":[6],"tags":[],"class_list":{"0":"post-16642","1":"post","2":"type-post","3":"status-publish","4":"format-standard","5":"has-post-thumbnail","7":"category-chaco"},"_links":{"self":[{"href":"https:\/\/chacosintesis.com.ar\/index.php\/wp-json\/wp\/v2\/posts\/16642","targetHints":{"allow":["GET"]}}],"collection":[{"href":"https:\/\/chacosintesis.com.ar\/index.php\/wp-json\/wp\/v2\/posts"}],"about":[{"href":"https:\/\/chacosintesis.com.ar\/index.php\/wp-json\/wp\/v2\/types\/post"}],"author":[{"embeddable":true,"href":"https:\/\/chacosintesis.com.ar\/index.php\/wp-json\/wp\/v2\/users\/1"}],"replies":[{"embeddable":true,"href":"https:\/\/chacosintesis.com.ar\/index.php\/wp-json\/wp\/v2\/comments?post=16642"}],"version-history":[{"count":0,"href":"https:\/\/chacosintesis.com.ar\/index.php\/wp-json\/wp\/v2\/posts\/16642\/revisions"}],"wp:featuredmedia":[{"embeddable":true,"href":"https:\/\/chacosintesis.com.ar\/index.php\/wp-json\/wp\/v2\/media\/16643"}],"wp:attachment":[{"href":"https:\/\/chacosintesis.com.ar\/index.php\/wp-json\/wp\/v2\/media?parent=16642"}],"wp:term":[{"taxonomy":"category","embeddable":true,"href":"https:\/\/chacosintesis.com.ar\/index.php\/wp-json\/wp\/v2\/categories?post=16642"},{"taxonomy":"post_tag","embeddable":true,"href":"https:\/\/chacosintesis.com.ar\/index.php\/wp-json\/wp\/v2\/tags?post=16642"}],"curies":[{"name":"wp","href":"https:\/\/api.w.org\/{rel}","templated":true}]}}