{"id":16627,"date":"2022-08-02T13:42:01","date_gmt":"2022-08-02T16:42:01","guid":{"rendered":"https:\/\/chacosintesis.com.ar\/?p=16627"},"modified":"2022-08-02T14:06:54","modified_gmt":"2022-08-02T17:06:54","slug":"algodon-produccion-inicio-el-procesamiento-de-semillas-y-abrio-el-registro-de-siembra-para-la-campana","status":"publish","type":"post","link":"https:\/\/chacosintesis.com.ar\/index.php\/algodon-produccion-inicio-el-procesamiento-de-semillas-y-abrio-el-registro-de-siembra-para-la-campana\/","title":{"rendered":"Algod\u00f3n: Producci\u00f3n inici\u00f3 el procesamiento de semillas y abri\u00f3 el registro de siembra para la campa\u00f1a"},"content":{"rendered":"<p>El Ministerio de Producci\u00f3n, Industria y Empleo dio inicio al procesamiento de semillas y abri\u00f3 el registro de siembra para la campa\u00f1a algodonera 2022\/2023 en la provincia. \u201cEstimamos contar con m\u00e1s de 1.600 toneladas de semillas para fortalecer la asistencia a los peque\u00f1os y medianos productores chaque\u00f1os esta pr\u00f3xima temporada\u201d, adelant\u00f3 este martes la subsecretaria de Agricultura Flavia Francescutti.<br \/>\nDe acuerdo con proyecciones propias, la cartera productiva estima superar la cantidad de algodoneros beneficiados en las campa\u00f1as anteriores y superar en esta instancia venidera los 1.000 asistidos de manera directa. \u201cEste esquema, que ya hemos desplegado en anteriores campa\u00f1as, es \u00fanico en su tipo a nivel pa\u00eds y nos ha permitido recuperar el liderazgo algodonero nacional\u201d, precis\u00f3 la funcionaria.<br \/>\nLas variedades con las que se trabaja con DP-1238, NuOpal y Guazuncho 4, todas de excelente calidad y que garantizan una muy buena cobertura territorial para la pr\u00f3xima temporada. La entrega gratuita de los insumos forma parte del programa Semilleros, que impulsa el gobierno provincial como fuerte acompa\u00f1amiento y respaldo al sector algodonero productivo chaque\u00f1o.<br \/>\n\u201cA\u00f1o tras a\u00f1o venimos incrementando el volumen de asistencia, tanto en cantidad de semillas entregadas como el n\u00famero de peque\u00f1os y medianos productores alcanzados al igual que la superficie de siembra y la distribuci\u00f3n de gasoil\u201d, enfatiz\u00f3 Francescutti.<br \/>\nEl programa incluye adem\u00e1s acompa\u00f1amiento t\u00e9cnico permanente, brindado en este caso por la Direcci\u00f3n de Desarrollo Algodonero, \u00e1rea que funciona bajo la \u00f3rbita de la Subsecretar\u00eda de Agricultura. \u201cPara esta temporada 2022\/23 esperamos superar holgadamente las cifras de a\u00f1os anteriores y situarnos en una asistencia para m\u00e1s de 1.000 peque\u00f1os y medianos productores a los que se les entregar\u00e1n semillas de gran calidad\u201d, expres\u00f3 Francescutti.<br \/>\nM\u00e1s y mejor asistencia<br \/>\nEn el marco del programa Semilleros, el Ministerio de Producci\u00f3n decidi\u00f3 incrementar la cantidad de lotes de siembra de los que provienen las semillas que luego ser\u00e1n distribuidas entre los peque\u00f1os y medianos algodoneros.<br \/>\nDe esta manera, para esta temporada adem\u00e1s de los predios ubicados en el Chaco y en C\u00f3rdoba, se sumaron otros emplazados en Catamarca, lo que permiti\u00f3 aumentar la superficie y, por ende, la cantidad de estos insumos de siembra de primera calidad.<br \/>\n\u201cYa se han tra\u00eddo a la provincia, tanto de C\u00f3rdoba como de Catamarca, un importante n\u00famero de semillas, las que fueron enviadas a la planta de Gensus para su procesamiento y posterior embolsado\u201d, detall\u00f3 Francescutti.<br \/>\nEl registro, paso necesario para acceder a la asistencia<br \/>\nComo parte del esquema de asistencia al sector, el gobierno abri\u00f3 recientemente el registro de intenci\u00f3n de siembra de algod\u00f3n, padr\u00f3n que estar\u00e1 disponible hasta el mi\u00e9rcoles 31 de agosto.<br \/>\nDesde la cartera productiva indicaron que quienes deseen completar este registro, deber\u00e1n estar previamente inscriptos y dados de alta en el Sistema Inform\u00e1tico de Productores Agr\u00edcolas Chaque\u00f1os (Sipach).<\/p>\n","protected":false},"excerpt":{"rendered":"<p>El Ministerio de Producci\u00f3n, Industria y Empleo dio inicio al procesamiento de semillas y abri\u00f3 el registro de siembra para la campa\u00f1a algodonera 2022\/2023 en la provincia. \u201cEstimamos contar con m\u00e1s de 1.600 toneladas de semillas para fortalecer la asistencia a los peque\u00f1os y medianos productores chaque\u00f1os esta pr\u00f3xima temporada\u201d, adelant\u00f3 este martes la subsecretaria [&hellip;]<\/p>\n","protected":false},"author":1,"featured_media":16628,"comment_status":"closed","ping_status":"closed","sticky":false,"template":"","format":"standard","meta":{"footnotes":""},"categories":[6],"tags":[],"class_list":{"0":"post-16627","1":"post","2":"type-post","3":"status-publish","4":"format-standard","5":"has-post-thumbnail","7":"category-chaco"},"_links":{"self":[{"href":"https:\/\/chacosintesis.com.ar\/index.php\/wp-json\/wp\/v2\/posts\/16627","targetHints":{"allow":["GET"]}}],"collection":[{"href":"https:\/\/chacosintesis.com.ar\/index.php\/wp-json\/wp\/v2\/posts"}],"about":[{"href":"https:\/\/chacosintesis.com.ar\/index.php\/wp-json\/wp\/v2\/types\/post"}],"author":[{"embeddable":true,"href":"https:\/\/chacosintesis.com.ar\/index.php\/wp-json\/wp\/v2\/users\/1"}],"replies":[{"embeddable":true,"href":"https:\/\/chacosintesis.com.ar\/index.php\/wp-json\/wp\/v2\/comments?post=16627"}],"version-history":[{"count":0,"href":"https:\/\/chacosintesis.com.ar\/index.php\/wp-json\/wp\/v2\/posts\/16627\/revisions"}],"wp:featuredmedia":[{"embeddable":true,"href":"https:\/\/chacosintesis.com.ar\/index.php\/wp-json\/wp\/v2\/media\/16628"}],"wp:attachment":[{"href":"https:\/\/chacosintesis.com.ar\/index.php\/wp-json\/wp\/v2\/media?parent=16627"}],"wp:term":[{"taxonomy":"category","embeddable":true,"href":"https:\/\/chacosintesis.com.ar\/index.php\/wp-json\/wp\/v2\/categories?post=16627"},{"taxonomy":"post_tag","embeddable":true,"href":"https:\/\/chacosintesis.com.ar\/index.php\/wp-json\/wp\/v2\/tags?post=16627"}],"curies":[{"name":"wp","href":"https:\/\/api.w.org\/{rel}","templated":true}]}}