{"id":16625,"date":"2022-08-02T09:27:55","date_gmt":"2022-08-02T12:27:55","guid":{"rendered":"https:\/\/chacosintesis.com.ar\/?p=16625"},"modified":"2022-08-02T09:37:04","modified_gmt":"2022-08-02T12:37:04","slug":"capitanich-agradecio-al-ministro-perczyk-por-su-visita-a-la-provincia","status":"publish","type":"post","link":"https:\/\/chacosintesis.com.ar\/index.php\/capitanich-agradecio-al-ministro-perczyk-por-su-visita-a-la-provincia\/","title":{"rendered":"Capitanich agradeci\u00f3 al ministro Perczyk por su visita a la provincia"},"content":{"rendered":"<p>En su \u00faltima actividad en la provincia, el ministro de Educaci\u00f3n de la Naci\u00f3n,  Jaime Perczyk se reuni\u00f3n con el gobernador Jorge Capitanich; el ministro de la cartera provincial, Aldo Lineras y los rectores de la Universidad del  Chaco Austral (Uncaus), Germ\u00e1n Oestmann y de la Universidad Tecnol\u00f3gica Nacional (UTN), Jorge De Pedro. Durante el encuentro celebrado en el Sal\u00f3n de Acuerdos de Casa de Gobierno, avanzar en pol\u00edticas p\u00fablicas para el crecimiento de las universidades.<br \/>\n\u201cEl esfuerzo compartido da sus frutos y permite avanzar en el desaf\u00edo de seguir mejorando la educaci\u00f3n de los chaque\u00f1os y chaque\u00f1as\u201d, destac\u00f3 el mandatario chaque\u00f1o a trav\u00e9s de sus redes sociales. A su vez, agradeci\u00f3 al ministro  Perczyk por su visita a nuestra provincia y \u201cpor su compromiso por el desarrollo federal\u201d. \u201cLa educaci\u00f3n es un pilar ineludible para construir el futuro y mejorar la calidad de vida de todos y todas\u201d, concluy\u00f3 Capitanich.<\/p>\n","protected":false},"excerpt":{"rendered":"<p>En su \u00faltima actividad en la provincia, el ministro de Educaci\u00f3n de la Naci\u00f3n, Jaime Perczyk se reuni\u00f3n con el gobernador Jorge Capitanich; el ministro de la cartera provincial, Aldo Lineras y los rectores de la Universidad del Chaco Austral (Uncaus), Germ\u00e1n Oestmann y de la Universidad Tecnol\u00f3gica Nacional (UTN), Jorge De Pedro. Durante el [&hellip;]<\/p>\n","protected":false},"author":1,"featured_media":16626,"comment_status":"closed","ping_status":"closed","sticky":false,"template":"","format":"standard","meta":{"footnotes":""},"categories":[6],"tags":[],"class_list":{"0":"post-16625","1":"post","2":"type-post","3":"status-publish","4":"format-standard","5":"has-post-thumbnail","7":"category-chaco"},"_links":{"self":[{"href":"https:\/\/chacosintesis.com.ar\/index.php\/wp-json\/wp\/v2\/posts\/16625","targetHints":{"allow":["GET"]}}],"collection":[{"href":"https:\/\/chacosintesis.com.ar\/index.php\/wp-json\/wp\/v2\/posts"}],"about":[{"href":"https:\/\/chacosintesis.com.ar\/index.php\/wp-json\/wp\/v2\/types\/post"}],"author":[{"embeddable":true,"href":"https:\/\/chacosintesis.com.ar\/index.php\/wp-json\/wp\/v2\/users\/1"}],"replies":[{"embeddable":true,"href":"https:\/\/chacosintesis.com.ar\/index.php\/wp-json\/wp\/v2\/comments?post=16625"}],"version-history":[{"count":0,"href":"https:\/\/chacosintesis.com.ar\/index.php\/wp-json\/wp\/v2\/posts\/16625\/revisions"}],"wp:featuredmedia":[{"embeddable":true,"href":"https:\/\/chacosintesis.com.ar\/index.php\/wp-json\/wp\/v2\/media\/16626"}],"wp:attachment":[{"href":"https:\/\/chacosintesis.com.ar\/index.php\/wp-json\/wp\/v2\/media?parent=16625"}],"wp:term":[{"taxonomy":"category","embeddable":true,"href":"https:\/\/chacosintesis.com.ar\/index.php\/wp-json\/wp\/v2\/categories?post=16625"},{"taxonomy":"post_tag","embeddable":true,"href":"https:\/\/chacosintesis.com.ar\/index.php\/wp-json\/wp\/v2\/tags?post=16625"}],"curies":[{"name":"wp","href":"https:\/\/api.w.org\/{rel}","templated":true}]}}