{"id":16623,"date":"2022-08-02T09:25:22","date_gmt":"2022-08-02T12:25:22","guid":{"rendered":"https:\/\/chacosintesis.com.ar\/?p=16623"},"modified":"2022-08-02T09:37:03","modified_gmt":"2022-08-02T12:37:03","slug":"chaco-el-15-de-los-ninos-y-ninas-de-12-anos-fuma","status":"publish","type":"post","link":"https:\/\/chacosintesis.com.ar\/index.php\/chaco-el-15-de-los-ninos-y-ninas-de-12-anos-fuma\/","title":{"rendered":"Chaco: El 15% de los ni\u00f1os y ni\u00f1as de 12 a\u00f1os fuma"},"content":{"rendered":"<p>Desde el 2012, la provincia del Chaco adhiere a la Ley Nacional de control del Tabaco, que contempla los ambientes 100% libres de humo de tabaco y una restricci\u00f3n amplia de publicidad, promoci\u00f3n y patrocinio de productos de tabaco.<\/p>\n<p>La m\u00e9dica neumon\u00f3loga, Mar\u00eda Pizarro, se refiri\u00f3 a las estrategias de publicidad que tiene la industria tabacalera en Argentina y expuso el pedido de no modificaci\u00f3n de las leyes contra el consumo de tabaco.<br \/>\nDesde el 2012, la provincia del Chaco adhiere a la Ley Nacional de control del Tabaco, que contempla los ambientes 100% libres de humo de tabaco y una restricci\u00f3n amplia de publicidad, promoci\u00f3n y patrocinio de productos de tabaco.<br \/>\nPizzaro, en di\u00e1logo con Chaco Tv, se refiri\u00f3 a dicha ley y coment\u00f3 que en el 2020 el diputado Hugo Sager present\u00f3 un proyecto de ley que mejora esta normativa, proponiendo la prohibici\u00f3n completa de publicidad de productos de tabaco en los puntos de venta.<br \/>\n\u201cEsta ley deja afuera la prohibici\u00f3n de una estrategia publicitaria que utiliza la industria tabacalera en todo el pa\u00eds, y que tiene que ver con la exhibici\u00f3n de productos dispuestos de una manera que simulan un aviso publicitario en s\u00ed mismo\u201d, se\u00f1al\u00f3 la m\u00e9dica.<br \/>\nY a\u00f1adi\u00f3 que \u201cen Chaco tenemos un problema\u201d, ya que el \u201cun 15% de la poblaci\u00f3n adolescente de 12 a\u00f1os fuma, seg\u00fan la \u00faltima encuesta de SEDRONAR,\u201d dijo y agreg\u00f3 que \u201cm\u00e1s de 35% de los mayores de 18 a\u00f1os consumen tabaco en la provincia de Chaco, seg\u00fan la Encuesta Nacional de Factores de Riesgo\u201d.<br \/>\nPizarro enfatiz\u00f3 que la situaci\u00f3n de la provincia en relaci\u00f3n al consumo de tabaco \u201ces muy preocupante\u201d, ya que \u201ctenemos adolescentes de entre 12 a 13 a\u00f1os que empiezan a fumar  y que cuando llegan a los 40 o 50 a\u00f1os est\u00e1n muy enfermas\u201d.<br \/>\nLa neumon\u00f3loga record\u00f3 que el tabaco est\u00e1 vinculado a enfermedades cr\u00f3nicas respiratorias, a enfermedades cardiovasculares y cerebrovasculares, a diferentes tipos de c\u00e1ncer, y que hay una asociaci\u00f3n directa entre el consumo la exposici\u00f3n al humo y la posibilidad de enfermarse.<br \/>\nLa m\u00e9dica resalt\u00f3 la importancia de bloquear los canales que tiene la industria para llegar a los consumidores.<\/p>\n","protected":false},"excerpt":{"rendered":"<p>Desde el 2012, la provincia del Chaco adhiere a la Ley Nacional de control del Tabaco, que contempla los ambientes 100% libres de humo de tabaco y una restricci\u00f3n amplia de publicidad, promoci\u00f3n y patrocinio de productos de tabaco. La m\u00e9dica neumon\u00f3loga, Mar\u00eda Pizarro, se refiri\u00f3 a las estrategias de publicidad que tiene la industria [&hellip;]<\/p>\n","protected":false},"author":1,"featured_media":16624,"comment_status":"closed","ping_status":"closed","sticky":false,"template":"","format":"standard","meta":{"footnotes":""},"categories":[6],"tags":[],"class_list":{"0":"post-16623","1":"post","2":"type-post","3":"status-publish","4":"format-standard","5":"has-post-thumbnail","7":"category-chaco"},"_links":{"self":[{"href":"https:\/\/chacosintesis.com.ar\/index.php\/wp-json\/wp\/v2\/posts\/16623","targetHints":{"allow":["GET"]}}],"collection":[{"href":"https:\/\/chacosintesis.com.ar\/index.php\/wp-json\/wp\/v2\/posts"}],"about":[{"href":"https:\/\/chacosintesis.com.ar\/index.php\/wp-json\/wp\/v2\/types\/post"}],"author":[{"embeddable":true,"href":"https:\/\/chacosintesis.com.ar\/index.php\/wp-json\/wp\/v2\/users\/1"}],"replies":[{"embeddable":true,"href":"https:\/\/chacosintesis.com.ar\/index.php\/wp-json\/wp\/v2\/comments?post=16623"}],"version-history":[{"count":0,"href":"https:\/\/chacosintesis.com.ar\/index.php\/wp-json\/wp\/v2\/posts\/16623\/revisions"}],"wp:featuredmedia":[{"embeddable":true,"href":"https:\/\/chacosintesis.com.ar\/index.php\/wp-json\/wp\/v2\/media\/16624"}],"wp:attachment":[{"href":"https:\/\/chacosintesis.com.ar\/index.php\/wp-json\/wp\/v2\/media?parent=16623"}],"wp:term":[{"taxonomy":"category","embeddable":true,"href":"https:\/\/chacosintesis.com.ar\/index.php\/wp-json\/wp\/v2\/categories?post=16623"},{"taxonomy":"post_tag","embeddable":true,"href":"https:\/\/chacosintesis.com.ar\/index.php\/wp-json\/wp\/v2\/tags?post=16623"}],"curies":[{"name":"wp","href":"https:\/\/api.w.org\/{rel}","templated":true}]}}