{"id":16613,"date":"2022-08-01T08:00:00","date_gmt":"2022-08-01T11:00:00","guid":{"rendered":"https:\/\/chacosintesis.com.ar\/?p=16613"},"modified":"2022-08-01T08:07:28","modified_gmt":"2022-08-01T11:07:28","slug":"fontana-el-cuerpo-hallado-en-la-camioneta-quemada-es-del-abogado-anibal-jose-hernandez","status":"publish","type":"post","link":"https:\/\/chacosintesis.com.ar\/index.php\/fontana-el-cuerpo-hallado-en-la-camioneta-quemada-es-del-abogado-anibal-jose-hernandez\/","title":{"rendered":"Fontana: el cuerpo hallado en la camioneta quemada es del abogado An\u00edbal Jos\u00e9 Hern\u00e1ndez"},"content":{"rendered":"<p>Las autoridades policiales y judiciales confirmaron que el cuerpo calcinado que se encontr\u00f3 en la camioneta Renault Oroch en avenida Marconi 3300\/3400  en Fontana, corresponde al abogado An\u00edbal Jos\u00e9 Hern\u00e1ndez (60).<br \/>\n La fiscal de investigaciones en turno Ingrid Wenner espera un informe preliminar del Instituto de Medicina y Ciencias Forenses (Imcif) para determinar si se trata de un crimen.<br \/>\nEl suceso ocurri\u00f3 despu\u00e9s de las 5 de ma\u00f1ana del domingo en la jurisdicci\u00f3n de la comisar\u00eda tercera de Fontana, y el caso qued\u00f3 a cargo de la fiscal Wenner quien dispuso varias medidas, mientras las tareas est\u00e1n a cargo de Investigaciones Complejas.<br \/>\nLa fiscal Wenner fue la que adelant\u00f3 a NORTE del hallazgo del cuerpo calcinado y de acuerdo a primeras versiones, vecinos oyeron gritos, un veh\u00edculo acelerando y luego, otro rodado dejando el lugar a alta velocidad.<br \/>\nAdem\u00e1s , entre las declaraciones recibidas, un vecino fue muy preciso: al momento que escuch\u00f3 las aceleraciones, observ\u00f3 a dos hombres que estaban parados al lado de la camioneta.<br \/>\nNORTE pudo investigar que el cuerpo corresponde al abogado Jos\u00e9 An\u00edbal Hern\u00e1ndez, quien hab\u00eda participado de una cena. Viv\u00eda en Fontana, era jubilado legislativo y no estaba ejerciendo el derecho.<br \/>\n La pista menos probable<br \/>\nSi bien hay cautela entorno a las pesquisas, otra pista que abona como probables a seguir es que Hern\u00e1ndez ( quien ten\u00eda colocado stends y marcapasos )  se habr\u00eda sentido mal, fren\u00f3 la camioneta, se descompens\u00f3 y su pie qued\u00f3 en el acelerador, lo que caus\u00f3 un calentamiento del sistema y posterior fuego que termin\u00f3 consumiendo el veh\u00edculo. Pero, los peritos levantaron alambre del habit\u00e1culo que estaba cerca de los restos de la v\u00edctima, pero debe peritarse a fin de establecer si fue atado.<br \/>\nAdem\u00e1s del interior se incaut\u00f3 un celular destruido por las llamas y en cercan\u00edas a la camioneta, en el pasto, dos llaves que ser\u00edan de una vivienda.<br \/>\n DIARIO NORTE.-<\/p>\n","protected":false},"excerpt":{"rendered":"<p>Las autoridades policiales y judiciales confirmaron que el cuerpo calcinado que se encontr\u00f3 en la camioneta Renault Oroch en avenida Marconi 3300\/3400 en Fontana, corresponde al abogado An\u00edbal Jos\u00e9 Hern\u00e1ndez (60). La fiscal de investigaciones en turno Ingrid Wenner espera un informe preliminar del Instituto de Medicina y Ciencias Forenses (Imcif) para determinar si se [&hellip;]<\/p>\n","protected":false},"author":1,"featured_media":16614,"comment_status":"closed","ping_status":"closed","sticky":false,"template":"","format":"standard","meta":{"footnotes":""},"categories":[6],"tags":[197],"class_list":{"0":"post-16613","1":"post","2":"type-post","3":"status-publish","4":"format-standard","5":"has-post-thumbnail","7":"category-chaco","8":"tag-destacada"},"_links":{"self":[{"href":"https:\/\/chacosintesis.com.ar\/index.php\/wp-json\/wp\/v2\/posts\/16613","targetHints":{"allow":["GET"]}}],"collection":[{"href":"https:\/\/chacosintesis.com.ar\/index.php\/wp-json\/wp\/v2\/posts"}],"about":[{"href":"https:\/\/chacosintesis.com.ar\/index.php\/wp-json\/wp\/v2\/types\/post"}],"author":[{"embeddable":true,"href":"https:\/\/chacosintesis.com.ar\/index.php\/wp-json\/wp\/v2\/users\/1"}],"replies":[{"embeddable":true,"href":"https:\/\/chacosintesis.com.ar\/index.php\/wp-json\/wp\/v2\/comments?post=16613"}],"version-history":[{"count":0,"href":"https:\/\/chacosintesis.com.ar\/index.php\/wp-json\/wp\/v2\/posts\/16613\/revisions"}],"wp:featuredmedia":[{"embeddable":true,"href":"https:\/\/chacosintesis.com.ar\/index.php\/wp-json\/wp\/v2\/media\/16614"}],"wp:attachment":[{"href":"https:\/\/chacosintesis.com.ar\/index.php\/wp-json\/wp\/v2\/media?parent=16613"}],"wp:term":[{"taxonomy":"category","embeddable":true,"href":"https:\/\/chacosintesis.com.ar\/index.php\/wp-json\/wp\/v2\/categories?post=16613"},{"taxonomy":"post_tag","embeddable":true,"href":"https:\/\/chacosintesis.com.ar\/index.php\/wp-json\/wp\/v2\/tags?post=16613"}],"curies":[{"name":"wp","href":"https:\/\/api.w.org\/{rel}","templated":true}]}}