{"id":16605,"date":"2022-07-31T09:05:58","date_gmt":"2022-07-31T12:05:58","guid":{"rendered":"https:\/\/chacosintesis.com.ar\/?p=16605"},"modified":"2022-07-31T09:06:44","modified_gmt":"2022-07-31T12:06:44","slug":"inauguraron-un-centro-de-salud-y-el-paseo-de-los-artesanos-en-castelli","status":"publish","type":"post","link":"https:\/\/chacosintesis.com.ar\/index.php\/inauguraron-un-centro-de-salud-y-el-paseo-de-los-artesanos-en-castelli\/","title":{"rendered":"Inauguraron un centro de salud y el Paseo de los Artesanos en Castelli"},"content":{"rendered":"<p>\u201cDesde 2007 venimos transformando Castelli con obras p\u00fablicas\u201d, asegur\u00f3 el mandatario quien junto a la vicegobernadora recorri\u00f3 tambi\u00e9n el Encuentro Internacional de Escultores en El Impenetrable.<\/p>\n<p>El gobernador Jorge Capitanich y la vicegobernadora Anal\u00eda Rach Quiroga inauguraron, en la noche de este s\u00e1bado, el Centro de Atenci\u00f3n Primaria de la Salud (CAPS) Chacra 108 y el Paseo de los Artesanos en Juan Jos\u00e9 Castelli. Adem\u00e1s, visitaron el Encuentro Internacional de Escultores en El Impenetrable 2022 \u201cEternidad\u201d.<br \/>\nEl CAPS, que se encuentra en uno de los barrios m\u00e1s grandes de la localidad, demand\u00f3 una inversi\u00f3n de $31.159.625,16 financiada por el Ministerio de Planificaci\u00f3n, Econom\u00eda e Infraestructura. \u201cInaugurar un CAPS es mejorar la calidad de vida de la poblaci\u00f3n\u201d, asever\u00f3 Capitanich tras habilitar el nuevo edificio que albergar\u00e1 a 12 profesionales de la salud y personal administrativo que brindan atenci\u00f3n ginecol\u00f3gica, odontol\u00f3gica, cl\u00ednica, enfermer\u00eda y farmac\u00e9utica.<br \/>\nEl Paseo de los Artesanos, que demand\u00f3 una inversi\u00f3n de $39.493.096,62 tambi\u00e9n financiada por la Provincia, est\u00e1 destinado a ser un espacio de encuentro con la naturaleza, de consumo de cultura local y provincial. El lugar dispone de espacios destinados a la realizaci\u00f3n de ferias francas al aire libre, un sector de comidas, plaza blanda para instalar juegos, equipamiento de juegos infantiles, sanitarios, caja municipal, sectores de estar, escenario; siempre preservando la vegetaci\u00f3n local.<br \/>\n\u201cDesde 2007 venimos transformando Juan Jos\u00e9 Castelli con obras p\u00fablicas\u201d, asegur\u00f3 el gobernador y enumer\u00f3 algunas de las obras claves para la localidad como pavimento urbano, desag\u00fces pluviales, viviendas, red de agua potable para garantizar las 12.500 conexiones, redes el\u00e9ctricas, la construcci\u00f3n de Instituto Terciario Ren\u00e9 Favaloro, rutas, hospital Bicentenario, comisar\u00eda, entre otras.<br \/>\nEstuvieron presentes el intendente de Castelli, P\u00edo Sander; la intendenta de Fuerte Esperanza, In\u00e9s Ortega; la ministra de Salud, Carolina Centeno; el director del CAPS, Julio Mercado; entre otras funcionarias y funcionarios provinciales y locales.<br \/>\nEncuentro Internacional de Escultores<br \/>\nDurante la recorrida, el mandatario destac\u00f3 la importancia del Encuentro Internacional de Escultores en El Impenetrable 2022 \u201cEternidad\u201d que se realiza en Castelli. \u201cEste evento se puede realizar porque llevamos adelante pol\u00edticas p\u00fablicas culturales\u201d, dijo y brind\u00f3 como ejemplo la Ley de Mecenazgo (que es financiada por el Estado a trav\u00e9s de la quita de impuestos al sector privado).<br \/>\n\u201cFuimos capaces de construir un evento cultural que es un espacio de encuentro y uni\u00f3n internacional. Un espacio donde el Estado tiene un rol fundamental. Cuando unimos cultura, turismo, deporte, inversiones e infraestructura logramos progreso\u201d, resalt\u00f3.<br \/>\nLos artistas que est\u00e1n realizando sus obras son: Genti Tavanxhiu (Albania), Verena Mayer Tasch (Alemania), Juan Pablo Marturano (Argentina), Choe Sodong (Corea del Sur), Ebru Akinci (Turqu\u00eda), Ihor Tkachivskyi (Ucrania), Arijel Strukelj (Eslovenia), Jhon Gogaberishvili (Georgia), Davis Bucio (M\u00e9xico) y Petre Virgiliu Mogosanu (Rumania).<br \/>\nLos artistas argentinos invitados son Alejandro Arce (Buenos Aires), M\u00f3nica Souza (Mendoza) y los artesanos regionales que participan son Gerardo Aranda (Miraflores) y Pablo Hajnal (Villa R\u00edo Bermejito).<br \/>\nMirada especial a El Impenetrable<br \/>\nEl intendente Sander destac\u00f3 todas las acciones y obras que se inauguraron y asegur\u00f3 que \u201cel Paseo de Artesanos ser\u00e1 un lugar de encuentro, para hacer tr\u00e1mites, para comer: es un todo integrado, espacio que ser\u00e1 valorado por los vecinos y vecinas\u201d. \u201cEl centro de salud para brindar mejor atenci\u00f3n y el nuevo espacio cultural, benefician a toda la comunidad\u201d, asegur\u00f3 y celebr\u00f3 \u201clas gestiones gubernamentales con una mirada especial al interior\u201d.<br \/>\nGarantizar el acceso a la salud<br \/>\nCenteno destac\u00f3 el valor que tiene un CAPS como puerta de entrada para la atenci\u00f3n sanitaria de la comunidad. \u201cEl centro de salud es un lugar donde se garantizan los derechos a la salud de las y los pobladores\u201d, dijo la funcionaria.<\/p>\n","protected":false},"excerpt":{"rendered":"<p>\u201cDesde 2007 venimos transformando Castelli con obras p\u00fablicas\u201d, asegur\u00f3 el mandatario quien junto a la vicegobernadora recorri\u00f3 tambi\u00e9n el Encuentro Internacional de Escultores en El Impenetrable. El gobernador Jorge Capitanich y la vicegobernadora Anal\u00eda Rach Quiroga inauguraron, en la noche de este s\u00e1bado, el Centro de Atenci\u00f3n Primaria de la Salud (CAPS) Chacra 108 y [&hellip;]<\/p>\n","protected":false},"author":1,"featured_media":16606,"comment_status":"closed","ping_status":"closed","sticky":false,"template":"","format":"standard","meta":{"footnotes":""},"categories":[6],"tags":[],"class_list":{"0":"post-16605","1":"post","2":"type-post","3":"status-publish","4":"format-standard","5":"has-post-thumbnail","7":"category-chaco"},"_links":{"self":[{"href":"https:\/\/chacosintesis.com.ar\/index.php\/wp-json\/wp\/v2\/posts\/16605","targetHints":{"allow":["GET"]}}],"collection":[{"href":"https:\/\/chacosintesis.com.ar\/index.php\/wp-json\/wp\/v2\/posts"}],"about":[{"href":"https:\/\/chacosintesis.com.ar\/index.php\/wp-json\/wp\/v2\/types\/post"}],"author":[{"embeddable":true,"href":"https:\/\/chacosintesis.com.ar\/index.php\/wp-json\/wp\/v2\/users\/1"}],"replies":[{"embeddable":true,"href":"https:\/\/chacosintesis.com.ar\/index.php\/wp-json\/wp\/v2\/comments?post=16605"}],"version-history":[{"count":0,"href":"https:\/\/chacosintesis.com.ar\/index.php\/wp-json\/wp\/v2\/posts\/16605\/revisions"}],"wp:featuredmedia":[{"embeddable":true,"href":"https:\/\/chacosintesis.com.ar\/index.php\/wp-json\/wp\/v2\/media\/16606"}],"wp:attachment":[{"href":"https:\/\/chacosintesis.com.ar\/index.php\/wp-json\/wp\/v2\/media?parent=16605"}],"wp:term":[{"taxonomy":"category","embeddable":true,"href":"https:\/\/chacosintesis.com.ar\/index.php\/wp-json\/wp\/v2\/categories?post=16605"},{"taxonomy":"post_tag","embeddable":true,"href":"https:\/\/chacosintesis.com.ar\/index.php\/wp-json\/wp\/v2\/tags?post=16605"}],"curies":[{"name":"wp","href":"https:\/\/api.w.org\/{rel}","templated":true}]}}