{"id":16599,"date":"2022-07-30T19:14:13","date_gmt":"2022-07-30T22:14:13","guid":{"rendered":"https:\/\/chacosintesis.com.ar\/?p=16599"},"modified":"2022-07-30T19:36:47","modified_gmt":"2022-07-30T22:36:47","slug":"convergencia-social-ucr-definio-que-juan-carlos-polini-sea-pre-candidato-a-gobernador","status":"publish","type":"post","link":"https:\/\/chacosintesis.com.ar\/index.php\/convergencia-social-ucr-definio-que-juan-carlos-polini-sea-pre-candidato-a-gobernador\/","title":{"rendered":"Convergencia Social UCR defini\u00f3 que Juan Carlos Polini sea pre candidato a gobernador"},"content":{"rendered":"<p>El plenario ratific\u00f3 la voluntad de unir a la U.C.R Encabezado por su presidente, el ex gobernador Angel Rozas, Convergencia Social-UCR  realiz\u00f3 una jornada de trabajo en el Centro Cultural San Mart\u00edn de la ciudad de Quitilipi para analizar la situaci\u00f3n econ\u00f3mica, social y pol\u00edtica y definir precandidaturas de cara a las elecciones del a\u00f1o 2023. Participaron  legisladores nacionales y provinciales, intendentes, concejales, militantes  y dirigentes de la provincia. Al finalizar el encuentro se dio a conocer un documento:<br \/>\n\u201cNos moviliza la necesidad de revertir el estado de desesperanza que invade al pueblo del Chaco producto del proceso de degradaci\u00f3n de derechos y libertades impulsado por quienes gobiernan hace 15 a\u00f1os la provincia. Este es el esp\u00edritu de nuestro encuentro,  poner al servicio de la sociedad chaque\u00f1a mujeres y hombres capaces de generar ideas para motivar a amplias mayor\u00edas de manera de construir proyectos colectivos, asumir definiciones y proponer transformaciones reales emprendiendo los debates que necesitan los chaque\u00f1os, los que nos unan,  a\u00fan en las disidencias\u201d.<br \/>\n\u201cEs momento de comenzar una nueva etapa en los t\u00e9rminos de un mandato social que reclama m\u00e1s acciones y menos protagonismos.  Una sociedad hastiada de que la pol\u00edtica le relate los problemas que padece a diario,  se ilusiona con que seamos capaces de hacer lo que hay que hacer y estar donde hay que estar para poder desarrollar alternativas que permitan imaginar el futuro cambiando nuestro presente\u201d<br \/>\n\u201cOportunamente Juan Carlos Polini, Carim Peche y V\u00edctor Zimmermann expresaron su voluntad de ser candidatos a la gobernaci\u00f3n del Chaco, hecho que como convergentes nos llen\u00f3 de orgullo por poder ofrecer a la ciudadan\u00eda tres personas id\u00f3neas, \u00edntegras, comprometidas con la realidad de la provincia. Y las definiciones de hoy  ratifican  esa condici\u00f3n humana, han sido capaces de dejar de lado posicionamientos o anhelos personales  para dar el primer  paso  hacia un nuevo Chaco en el a\u00f1o 2023,  constituy\u00e9ndose como parte de un gran equipo que encabezar\u00e1 Juan Carlos Polini como precandidato a gobernador\u201d.<br \/>\nUnidad de la U.C.R<br \/>\n\u201cTambi\u00e9n sabemos que para construir una provincia m\u00e1s equitativa e inclusiva esta coincidencia  no alcanza, se necesita un radicalismo unido, fortalecido, con ganas de dar los debates necesarios que permitan un cambio profundo. Es por eso que ratificamos nuestra firme voluntad de unir a la U.C.R, y sobre esa base  conformar una coalici\u00f3n amplia junto a otros sectores de la pol\u00edtica y de la sociedad en general que compartan el ideal de trabajar para darle a los chaque\u00f1os la calidad de vida que merecen\u201d.<\/p>\n","protected":false},"excerpt":{"rendered":"<p>El plenario ratific\u00f3 la voluntad de unir a la U.C.R Encabezado por su presidente, el ex gobernador Angel Rozas, Convergencia Social-UCR realiz\u00f3 una jornada de trabajo en el Centro Cultural San Mart\u00edn de la ciudad de Quitilipi para analizar la situaci\u00f3n econ\u00f3mica, social y pol\u00edtica y definir precandidaturas de cara a las elecciones del a\u00f1o [&hellip;]<\/p>\n","protected":false},"author":1,"featured_media":16600,"comment_status":"closed","ping_status":"closed","sticky":false,"template":"","format":"standard","meta":{"footnotes":""},"categories":[6],"tags":[],"class_list":{"0":"post-16599","1":"post","2":"type-post","3":"status-publish","4":"format-standard","5":"has-post-thumbnail","7":"category-chaco"},"_links":{"self":[{"href":"https:\/\/chacosintesis.com.ar\/index.php\/wp-json\/wp\/v2\/posts\/16599","targetHints":{"allow":["GET"]}}],"collection":[{"href":"https:\/\/chacosintesis.com.ar\/index.php\/wp-json\/wp\/v2\/posts"}],"about":[{"href":"https:\/\/chacosintesis.com.ar\/index.php\/wp-json\/wp\/v2\/types\/post"}],"author":[{"embeddable":true,"href":"https:\/\/chacosintesis.com.ar\/index.php\/wp-json\/wp\/v2\/users\/1"}],"replies":[{"embeddable":true,"href":"https:\/\/chacosintesis.com.ar\/index.php\/wp-json\/wp\/v2\/comments?post=16599"}],"version-history":[{"count":0,"href":"https:\/\/chacosintesis.com.ar\/index.php\/wp-json\/wp\/v2\/posts\/16599\/revisions"}],"wp:featuredmedia":[{"embeddable":true,"href":"https:\/\/chacosintesis.com.ar\/index.php\/wp-json\/wp\/v2\/media\/16600"}],"wp:attachment":[{"href":"https:\/\/chacosintesis.com.ar\/index.php\/wp-json\/wp\/v2\/media?parent=16599"}],"wp:term":[{"taxonomy":"category","embeddable":true,"href":"https:\/\/chacosintesis.com.ar\/index.php\/wp-json\/wp\/v2\/categories?post=16599"},{"taxonomy":"post_tag","embeddable":true,"href":"https:\/\/chacosintesis.com.ar\/index.php\/wp-json\/wp\/v2\/tags?post=16599"}],"curies":[{"name":"wp","href":"https:\/\/api.w.org\/{rel}","templated":true}]}}